{"id":376,"date":"2024-03-09T06:27:04","date_gmt":"2024-03-09T06:27:04","guid":{"rendered":"https:\/\/cafe-ruhrblick.ruhr\/?p=376"},"modified":"2024-03-09T06:27:05","modified_gmt":"2024-03-09T06:27:05","slug":"osterlaemmer-und-oeffnungszeiten-an-ostern","status":"publish","type":"post","link":"https:\/\/cafe-ruhrblick.ruhr\/?p=376","title":{"rendered":"Osterl\u00e4mmer und \u00d6ffnungszeiten an Ostern"},"content":{"rendered":"\n<p>Ostern ist das Fest der Auferstehung Christi und verhei\u00dft in jedem Jahr neue Hoffnung. Diese bieten wir Ihnen im Kleinen mit unseren frisch gebackenen Osterl\u00e4mmern und Osterhasen, die wir in unserer Backstube f\u00fcr Sie herstellen. Diese k\u00f6nnen Sie pers\u00f6nlich vor Ort abholen oder sich auch ganz einfach nach Hause liefern lassen, rufen Sie einfach an:\u00a0<a href=\"\u201dtel:+49201587483\u2033\">0201\/587483<\/a>.<\/p>\n\n\n\n<p>Unsere Gesch\u00e4fte bleiben au\u00dferdem an Karfreitag und Ostermontag geschlossen! <\/p>\n\n\n\n<p>Wir w\u00fcnschen Ihnen ein frohes Osterfest!<\/p>\n\n\n\n<figure class=\"wp-block-image size-full\"><img decoding=\"async\" src=\"http:\/\/xn--grler-hra.ruhr\/wp-content\/uploads\/2023\/04\/68489F19-BB38-407F-B989-D415518E3E1B.jpeg\" alt=\"\" class=\"wp-image-355\"\/><\/figure>\n","protected":false},"excerpt":{"rendered":"<div class=\"entry-summary\">\nOstern ist das Fest der Auferstehung Christi und verhei\u00dft in jedem Jahr&hellip;\n<\/div>\n<div class=\"link-more\"><a href=\"https:\/\/cafe-ruhrblick.ruhr\/?p=376\" class=\"more-link\">Continue reading<span class=\"screen-reader-text\"> &ldquo;Osterl\u00e4mmer und \u00d6ffnungszeiten an Ostern&rdquo;<\/span>&hellip;<\/a><\/div>\n","protected":false},"author":1,"featured_media":0,"comment_status":"open","ping_status":"open","sticky":false,"template":"","format":"standard","meta":{"_monsterinsights_skip_tracking":false,"_monsterinsights_sitenote_active":false,"_monsterinsights_sitenote_note":"","_monsterinsights_sitenote_category":0,"footnotes":""},"categories":[1],"tags":[],"class_list":["post-376","post","type-post","status-publish","format-standard","hentry","category-neues","entry"],"yoast_head":"<!-- This site is optimized with the Yoast SEO plugin v27.5 - https:\/\/yoast.com\/product\/yoast-seo-wordpress\/ -->\n<title>Osterl\u00e4mmer und \u00d6ffnungszeiten an Ostern - Caf\u00e9 Ruhrblick<\/title>\n<meta name=\"robots\" content=\"index, follow, max-snippet:-1, max-image-preview:large, max-video-preview:-1\" \/>\n<link rel=\"canonical\" href=\"https:\/\/cafe-ruhrblick.ruhr\/?p=376\" \/>\n<meta property=\"og:locale\" content=\"de_DE\" \/>\n<meta property=\"og:type\" content=\"article\" \/>\n<meta property=\"og:title\" content=\"Osterl\u00e4mmer und \u00d6ffnungszeiten an Ostern - Caf\u00e9 Ruhrblick\" \/>\n<meta property=\"og:description\" content=\"Ostern ist das Fest der Auferstehung Christi und verhei\u00dft in jedem Jahr&hellip; Continue reading &ldquo;Osterl\u00e4mmer und \u00d6ffnungszeiten an Ostern&rdquo;&hellip;\" \/>\n<meta property=\"og:url\" content=\"https:\/\/cafe-ruhrblick.ruhr\/?p=376\" \/>\n<meta property=\"og:site_name\" content=\"Caf\u00e9 Ruhrblick\" \/>\n<meta property=\"article:published_time\" content=\"2024-03-09T06:27:04+00:00\" \/>\n<meta property=\"article:modified_time\" content=\"2024-03-09T06:27:05+00:00\" \/>\n<meta property=\"og:image\" content=\"http:\/\/xn--grler-hra.ruhr\/wp-content\/uploads\/2023\/04\/68489F19-BB38-407F-B989-D415518E3E1B.jpeg\" \/>\n<meta name=\"author\" content=\"Christian\" \/>\n<meta name=\"twitter:card\" content=\"summary_large_image\" \/>\n<meta name=\"twitter:label1\" content=\"Verfasst von\" \/>\n\t<meta name=\"twitter:data1\" content=\"Christian\" \/>\n\t<meta name=\"twitter:label2\" content=\"Gesch\u00e4tzte Lesezeit\" \/>\n\t<meta name=\"twitter:data2\" content=\"1\u00a0Minute\" \/>\n<script type=\"application\/ld+json\" class=\"yoast-schema-graph\">{\"@context\":\"https:\\\/\\\/schema.org\",\"@graph\":[{\"@type\":\"Article\",\"@id\":\"https:\\\/\\\/cafe-ruhrblick.ruhr\\\/?p=376#article\",\"isPartOf\":{\"@id\":\"https:\\\/\\\/cafe-ruhrblick.ruhr\\\/?p=376\"},\"author\":{\"name\":\"Christian\",\"@id\":\"https:\\\/\\\/cafe-ruhrblick.ruhr\\\/#\\\/schema\\\/person\\\/0b2538e072af41c480f668575acc7fb2\"},\"headline\":\"Osterl\u00e4mmer und \u00d6ffnungszeiten an Ostern\",\"datePublished\":\"2024-03-09T06:27:04+00:00\",\"dateModified\":\"2024-03-09T06:27:05+00:00\",\"mainEntityOfPage\":{\"@id\":\"https:\\\/\\\/cafe-ruhrblick.ruhr\\\/?p=376\"},\"wordCount\":84,\"commentCount\":0,\"publisher\":{\"@id\":\"https:\\\/\\\/cafe-ruhrblick.ruhr\\\/#organization\"},\"image\":{\"@id\":\"https:\\\/\\\/cafe-ruhrblick.ruhr\\\/?p=376#primaryimage\"},\"thumbnailUrl\":\"http:\\\/\\\/xn--grler-hra.ruhr\\\/wp-content\\\/uploads\\\/2023\\\/04\\\/68489F19-BB38-407F-B989-D415518E3E1B.jpeg\",\"articleSection\":[\"Neues\"],\"inLanguage\":\"de\",\"potentialAction\":[{\"@type\":\"CommentAction\",\"name\":\"Comment\",\"target\":[\"https:\\\/\\\/cafe-ruhrblick.ruhr\\\/?p=376#respond\"]}]},{\"@type\":\"WebPage\",\"@id\":\"https:\\\/\\\/cafe-ruhrblick.ruhr\\\/?p=376\",\"url\":\"https:\\\/\\\/cafe-ruhrblick.ruhr\\\/?p=376\",\"name\":\"Osterl\u00e4mmer und \u00d6ffnungszeiten an Ostern - Caf\u00e9 Ruhrblick\",\"isPartOf\":{\"@id\":\"https:\\\/\\\/cafe-ruhrblick.ruhr\\\/#website\"},\"primaryImageOfPage\":{\"@id\":\"https:\\\/\\\/cafe-ruhrblick.ruhr\\\/?p=376#primaryimage\"},\"image\":{\"@id\":\"https:\\\/\\\/cafe-ruhrblick.ruhr\\\/?p=376#primaryimage\"},\"thumbnailUrl\":\"http:\\\/\\\/xn--grler-hra.ruhr\\\/wp-content\\\/uploads\\\/2023\\\/04\\\/68489F19-BB38-407F-B989-D415518E3E1B.jpeg\",\"datePublished\":\"2024-03-09T06:27:04+00:00\",\"dateModified\":\"2024-03-09T06:27:05+00:00\",\"breadcrumb\":{\"@id\":\"https:\\\/\\\/cafe-ruhrblick.ruhr\\\/?p=376#breadcrumb\"},\"inLanguage\":\"de\",\"potentialAction\":[{\"@type\":\"ReadAction\",\"target\":[\"https:\\\/\\\/cafe-ruhrblick.ruhr\\\/?p=376\"]}]},{\"@type\":\"ImageObject\",\"inLanguage\":\"de\",\"@id\":\"https:\\\/\\\/cafe-ruhrblick.ruhr\\\/?p=376#primaryimage\",\"url\":\"http:\\\/\\\/xn--grler-hra.ruhr\\\/wp-content\\\/uploads\\\/2023\\\/04\\\/68489F19-BB38-407F-B989-D415518E3E1B.jpeg\",\"contentUrl\":\"http:\\\/\\\/xn--grler-hra.ruhr\\\/wp-content\\\/uploads\\\/2023\\\/04\\\/68489F19-BB38-407F-B989-D415518E3E1B.jpeg\"},{\"@type\":\"BreadcrumbList\",\"@id\":\"https:\\\/\\\/cafe-ruhrblick.ruhr\\\/?p=376#breadcrumb\",\"itemListElement\":[{\"@type\":\"ListItem\",\"position\":1,\"name\":\"Startseite\",\"item\":\"https:\\\/\\\/cafe-ruhrblick.ruhr\\\/\"},{\"@type\":\"ListItem\",\"position\":2,\"name\":\"Osterl\u00e4mmer und \u00d6ffnungszeiten an Ostern\"}]},{\"@type\":\"WebSite\",\"@id\":\"https:\\\/\\\/cafe-ruhrblick.ruhr\\\/#website\",\"url\":\"https:\\\/\\\/cafe-ruhrblick.ruhr\\\/\",\"name\":\"Caf\u00e9 Ruhrblick\",\"description\":\"Genie\u00dfen mit guter Aussicht\",\"publisher\":{\"@id\":\"https:\\\/\\\/cafe-ruhrblick.ruhr\\\/#organization\"},\"potentialAction\":[{\"@type\":\"SearchAction\",\"target\":{\"@type\":\"EntryPoint\",\"urlTemplate\":\"https:\\\/\\\/cafe-ruhrblick.ruhr\\\/?s={search_term_string}\"},\"query-input\":{\"@type\":\"PropertyValueSpecification\",\"valueRequired\":true,\"valueName\":\"search_term_string\"}}],\"inLanguage\":\"de\"},{\"@type\":\"Organization\",\"@id\":\"https:\\\/\\\/cafe-ruhrblick.ruhr\\\/#organization\",\"name\":\"Caf\u00e9 Ruhrblick\",\"url\":\"https:\\\/\\\/cafe-ruhrblick.ruhr\\\/\",\"logo\":{\"@type\":\"ImageObject\",\"inLanguage\":\"de\",\"@id\":\"https:\\\/\\\/cafe-ruhrblick.ruhr\\\/#\\\/schema\\\/logo\\\/image\\\/\",\"url\":\"https:\\\/\\\/cafe-ruhrblick.ruhr\\\/wp-content\\\/uploads\\\/2019\\\/07\\\/cropped-branding.png\",\"contentUrl\":\"https:\\\/\\\/cafe-ruhrblick.ruhr\\\/wp-content\\\/uploads\\\/2019\\\/07\\\/cropped-branding.png\",\"width\":153,\"height\":97,\"caption\":\"Caf\u00e9 Ruhrblick\"},\"image\":{\"@id\":\"https:\\\/\\\/cafe-ruhrblick.ruhr\\\/#\\\/schema\\\/logo\\\/image\\\/\"}},{\"@type\":\"Person\",\"@id\":\"https:\\\/\\\/cafe-ruhrblick.ruhr\\\/#\\\/schema\\\/person\\\/0b2538e072af41c480f668575acc7fb2\",\"name\":\"Christian\",\"image\":{\"@type\":\"ImageObject\",\"inLanguage\":\"de\",\"@id\":\"https:\\\/\\\/secure.gravatar.com\\\/avatar\\\/eb7ff8c3da919397c319ab2d31bc37e79b98a89e8b4f94f48e47d0d88b2dd7e9?s=96&d=mm&r=g\",\"url\":\"https:\\\/\\\/secure.gravatar.com\\\/avatar\\\/eb7ff8c3da919397c319ab2d31bc37e79b98a89e8b4f94f48e47d0d88b2dd7e9?s=96&d=mm&r=g\",\"contentUrl\":\"https:\\\/\\\/secure.gravatar.com\\\/avatar\\\/eb7ff8c3da919397c319ab2d31bc37e79b98a89e8b4f94f48e47d0d88b2dd7e9?s=96&d=mm&r=g\",\"caption\":\"Christian\"},\"url\":\"https:\\\/\\\/cafe-ruhrblick.ruhr\\\/?author=1\"}]}<\/script>\n<!-- \/ Yoast SEO plugin. -->","yoast_head_json":{"title":"Osterl\u00e4mmer und \u00d6ffnungszeiten an Ostern - Caf\u00e9 Ruhrblick","robots":{"index":"index","follow":"follow","max-snippet":"max-snippet:-1","max-image-preview":"max-image-preview:large","max-video-preview":"max-video-preview:-1"},"canonical":"https:\/\/cafe-ruhrblick.ruhr\/?p=376","og_locale":"de_DE","og_type":"article","og_title":"Osterl\u00e4mmer und \u00d6ffnungszeiten an Ostern - Caf\u00e9 Ruhrblick","og_description":"Ostern ist das Fest der Auferstehung Christi und verhei\u00dft in jedem Jahr&hellip; Continue reading &ldquo;Osterl\u00e4mmer und \u00d6ffnungszeiten an Ostern&rdquo;&hellip;","og_url":"https:\/\/cafe-ruhrblick.ruhr\/?p=376","og_site_name":"Caf\u00e9 Ruhrblick","article_published_time":"2024-03-09T06:27:04+00:00","article_modified_time":"2024-03-09T06:27:05+00:00","og_image":[{"url":"http:\/\/xn--grler-hra.ruhr\/wp-content\/uploads\/2023\/04\/68489F19-BB38-407F-B989-D415518E3E1B.jpeg","type":"","width":"","height":""}],"author":"Christian","twitter_card":"summary_large_image","twitter_misc":{"Verfasst von":"Christian","Gesch\u00e4tzte Lesezeit":"1\u00a0Minute"},"schema":{"@context":"https:\/\/schema.org","@graph":[{"@type":"Article","@id":"https:\/\/cafe-ruhrblick.ruhr\/?p=376#article","isPartOf":{"@id":"https:\/\/cafe-ruhrblick.ruhr\/?p=376"},"author":{"name":"Christian","@id":"https:\/\/cafe-ruhrblick.ruhr\/#\/schema\/person\/0b2538e072af41c480f668575acc7fb2"},"headline":"Osterl\u00e4mmer und \u00d6ffnungszeiten an Ostern","datePublished":"2024-03-09T06:27:04+00:00","dateModified":"2024-03-09T06:27:05+00:00","mainEntityOfPage":{"@id":"https:\/\/cafe-ruhrblick.ruhr\/?p=376"},"wordCount":84,"commentCount":0,"publisher":{"@id":"https:\/\/cafe-ruhrblick.ruhr\/#organization"},"image":{"@id":"https:\/\/cafe-ruhrblick.ruhr\/?p=376#primaryimage"},"thumbnailUrl":"http:\/\/xn--grler-hra.ruhr\/wp-content\/uploads\/2023\/04\/68489F19-BB38-407F-B989-D415518E3E1B.jpeg","articleSection":["Neues"],"inLanguage":"de","potentialAction":[{"@type":"CommentAction","name":"Comment","target":["https:\/\/cafe-ruhrblick.ruhr\/?p=376#respond"]}]},{"@type":"WebPage","@id":"https:\/\/cafe-ruhrblick.ruhr\/?p=376","url":"https:\/\/cafe-ruhrblick.ruhr\/?p=376","name":"Osterl\u00e4mmer und \u00d6ffnungszeiten an Ostern - Caf\u00e9 Ruhrblick","isPartOf":{"@id":"https:\/\/cafe-ruhrblick.ruhr\/#website"},"primaryImageOfPage":{"@id":"https:\/\/cafe-ruhrblick.ruhr\/?p=376#primaryimage"},"image":{"@id":"https:\/\/cafe-ruhrblick.ruhr\/?p=376#primaryimage"},"thumbnailUrl":"http:\/\/xn--grler-hra.ruhr\/wp-content\/uploads\/2023\/04\/68489F19-BB38-407F-B989-D415518E3E1B.jpeg","datePublished":"2024-03-09T06:27:04+00:00","dateModified":"2024-03-09T06:27:05+00:00","breadcrumb":{"@id":"https:\/\/cafe-ruhrblick.ruhr\/?p=376#breadcrumb"},"inLanguage":"de","potentialAction":[{"@type":"ReadAction","target":["https:\/\/cafe-ruhrblick.ruhr\/?p=376"]}]},{"@type":"ImageObject","inLanguage":"de","@id":"https:\/\/cafe-ruhrblick.ruhr\/?p=376#primaryimage","url":"http:\/\/xn--grler-hra.ruhr\/wp-content\/uploads\/2023\/04\/68489F19-BB38-407F-B989-D415518E3E1B.jpeg","contentUrl":"http:\/\/xn--grler-hra.ruhr\/wp-content\/uploads\/2023\/04\/68489F19-BB38-407F-B989-D415518E3E1B.jpeg"},{"@type":"BreadcrumbList","@id":"https:\/\/cafe-ruhrblick.ruhr\/?p=376#breadcrumb","itemListElement":[{"@type":"ListItem","position":1,"name":"Startseite","item":"https:\/\/cafe-ruhrblick.ruhr\/"},{"@type":"ListItem","position":2,"name":"Osterl\u00e4mmer und \u00d6ffnungszeiten an Ostern"}]},{"@type":"WebSite","@id":"https:\/\/cafe-ruhrblick.ruhr\/#website","url":"https:\/\/cafe-ruhrblick.ruhr\/","name":"Caf\u00e9 Ruhrblick","description":"Genie\u00dfen mit guter Aussicht","publisher":{"@id":"https:\/\/cafe-ruhrblick.ruhr\/#organization"},"potentialAction":[{"@type":"SearchAction","target":{"@type":"EntryPoint","urlTemplate":"https:\/\/cafe-ruhrblick.ruhr\/?s={search_term_string}"},"query-input":{"@type":"PropertyValueSpecification","valueRequired":true,"valueName":"search_term_string"}}],"inLanguage":"de"},{"@type":"Organization","@id":"https:\/\/cafe-ruhrblick.ruhr\/#organization","name":"Caf\u00e9 Ruhrblick","url":"https:\/\/cafe-ruhrblick.ruhr\/","logo":{"@type":"ImageObject","inLanguage":"de","@id":"https:\/\/cafe-ruhrblick.ruhr\/#\/schema\/logo\/image\/","url":"https:\/\/cafe-ruhrblick.ruhr\/wp-content\/uploads\/2019\/07\/cropped-branding.png","contentUrl":"https:\/\/cafe-ruhrblick.ruhr\/wp-content\/uploads\/2019\/07\/cropped-branding.png","width":153,"height":97,"caption":"Caf\u00e9 Ruhrblick"},"image":{"@id":"https:\/\/cafe-ruhrblick.ruhr\/#\/schema\/logo\/image\/"}},{"@type":"Person","@id":"https:\/\/cafe-ruhrblick.ruhr\/#\/schema\/person\/0b2538e072af41c480f668575acc7fb2","name":"Christian","image":{"@type":"ImageObject","inLanguage":"de","@id":"https:\/\/secure.gravatar.com\/avatar\/eb7ff8c3da919397c319ab2d31bc37e79b98a89e8b4f94f48e47d0d88b2dd7e9?s=96&d=mm&r=g","url":"https:\/\/secure.gravatar.com\/avatar\/eb7ff8c3da919397c319ab2d31bc37e79b98a89e8b4f94f48e47d0d88b2dd7e9?s=96&d=mm&r=g","contentUrl":"https:\/\/secure.gravatar.com\/avatar\/eb7ff8c3da919397c319ab2d31bc37e79b98a89e8b4f94f48e47d0d88b2dd7e9?s=96&d=mm&r=g","caption":"Christian"},"url":"https:\/\/cafe-ruhrblick.ruhr\/?author=1"}]}},"_links":{"self":[{"href":"https:\/\/cafe-ruhrblick.ruhr\/index.php?rest_route=\/wp\/v2\/posts\/376","targetHints":{"allow":["GET"]}}],"collection":[{"href":"https:\/\/cafe-ruhrblick.ruhr\/index.php?rest_route=\/wp\/v2\/posts"}],"about":[{"href":"https:\/\/cafe-ruhrblick.ruhr\/index.php?rest_route=\/wp\/v2\/types\/post"}],"author":[{"embeddable":true,"href":"https:\/\/cafe-ruhrblick.ruhr\/index.php?rest_route=\/wp\/v2\/users\/1"}],"replies":[{"embeddable":true,"href":"https:\/\/cafe-ruhrblick.ruhr\/index.php?rest_route=%2Fwp%2Fv2%2Fcomments&post=376"}],"version-history":[{"count":1,"href":"https:\/\/cafe-ruhrblick.ruhr\/index.php?rest_route=\/wp\/v2\/posts\/376\/revisions"}],"predecessor-version":[{"id":377,"href":"https:\/\/cafe-ruhrblick.ruhr\/index.php?rest_route=\/wp\/v2\/posts\/376\/revisions\/377"}],"wp:attachment":[{"href":"https:\/\/cafe-ruhrblick.ruhr\/index.php?rest_route=%2Fwp%2Fv2%2Fmedia&parent=376"}],"wp:term":[{"taxonomy":"category","embeddable":true,"href":"https:\/\/cafe-ruhrblick.ruhr\/index.php?rest_route=%2Fwp%2Fv2%2Fcategories&post=376"},{"taxonomy":"post_tag","embeddable":true,"href":"https:\/\/cafe-ruhrblick.ruhr\/index.php?rest_route=%2Fwp%2Fv2%2Ftags&post=376"}],"curies":[{"name":"wp","href":"https:\/\/api.w.org\/{rel}","templated":true}]}}