{"id":366,"date":"2023-10-01T07:32:33","date_gmt":"2023-10-01T07:32:33","guid":{"rendered":"https:\/\/cafe-ruhrblick.ruhr\/?p=366"},"modified":"2023-10-01T07:32:34","modified_gmt":"2023-10-01T07:32:34","slug":"baecker-m-w-d-gesucht","status":"publish","type":"post","link":"https:\/\/cafe-ruhrblick.ruhr\/?p=366","title":{"rendered":"B\u00e4cker (m\/w\/d) gesucht!"},"content":{"rendered":"\n<p>Wir suchen ab sofort einen B\u00e4cker (m\/w\/d) f\u00fcr unsere Backstube an der \u00dcberruhrstra\u00dfe 465. Alle Informationen finden Sie unter der Rubrik <a href=\"https:\/\/cafe-ruhrblick.ruhr\/?page_id=362\">Jobs<\/a> auf unserer Website.<\/p>\n\n\n\n<figure class=\"wp-block-image size-full\"><img loading=\"lazy\" decoding=\"async\" width=\"768\" height=\"513\" src=\"https:\/\/cafe-ruhrblick.ruhr\/wp-content\/uploads\/2019\/10\/unbenannte-Fotosession-6910.jpg\" alt=\"\" class=\"wp-image-122\" srcset=\"https:\/\/cafe-ruhrblick.ruhr\/wp-content\/uploads\/2019\/10\/unbenannte-Fotosession-6910.jpg 768w, https:\/\/cafe-ruhrblick.ruhr\/wp-content\/uploads\/2019\/10\/unbenannte-Fotosession-6910-300x200.jpg 300w\" sizes=\"auto, (max-width: 768px) 100vw, 768px\" \/><\/figure>\n","protected":false},"excerpt":{"rendered":"<div class=\"entry-summary\">\nWir suchen ab sofort einen B\u00e4cker (m\/w\/d) f\u00fcr unsere Backstube an der&hellip;\n<\/div>\n<div class=\"link-more\"><a href=\"https:\/\/cafe-ruhrblick.ruhr\/?p=366\" class=\"more-link\">Continue reading<span class=\"screen-reader-text\"> &ldquo;B\u00e4cker (m\/w\/d) gesucht!&rdquo;<\/span>&hellip;<\/a><\/div>\n","protected":false},"author":1,"featured_media":0,"comment_status":"open","ping_status":"open","sticky":false,"template":"","format":"standard","meta":{"_monsterinsights_skip_tracking":false,"_monsterinsights_sitenote_active":false,"_monsterinsights_sitenote_note":"","_monsterinsights_sitenote_category":0,"footnotes":""},"categories":[1],"tags":[],"class_list":["post-366","post","type-post","status-publish","format-standard","hentry","category-neues","entry"],"yoast_head":"<!-- This site is optimized with the Yoast SEO plugin v27.5 - https:\/\/yoast.com\/product\/yoast-seo-wordpress\/ -->\n<title>B\u00e4cker (m\/w\/d) gesucht! - Caf\u00e9 Ruhrblick<\/title>\n<meta name=\"robots\" content=\"index, follow, max-snippet:-1, max-image-preview:large, max-video-preview:-1\" \/>\n<link rel=\"canonical\" href=\"https:\/\/cafe-ruhrblick.ruhr\/?p=366\" \/>\n<meta property=\"og:locale\" content=\"de_DE\" \/>\n<meta property=\"og:type\" content=\"article\" \/>\n<meta property=\"og:title\" content=\"B\u00e4cker (m\/w\/d) gesucht! - Caf\u00e9 Ruhrblick\" \/>\n<meta property=\"og:description\" content=\"Wir suchen ab sofort einen B\u00e4cker (m\/w\/d) f\u00fcr unsere Backstube an der&hellip; Continue reading &ldquo;B\u00e4cker (m\/w\/d) gesucht!&rdquo;&hellip;\" \/>\n<meta property=\"og:url\" content=\"https:\/\/cafe-ruhrblick.ruhr\/?p=366\" \/>\n<meta property=\"og:site_name\" content=\"Caf\u00e9 Ruhrblick\" \/>\n<meta property=\"article:published_time\" content=\"2023-10-01T07:32:33+00:00\" \/>\n<meta property=\"article:modified_time\" content=\"2023-10-01T07:32:34+00:00\" \/>\n<meta property=\"og:image\" content=\"https:\/\/cafe-ruhrblick.ruhr\/wp-content\/uploads\/2019\/10\/unbenannte-Fotosession-6910.jpg\" \/>\n<meta name=\"author\" content=\"Christian\" \/>\n<meta name=\"twitter:card\" content=\"summary_large_image\" \/>\n<meta name=\"twitter:label1\" content=\"Verfasst von\" \/>\n\t<meta name=\"twitter:data1\" content=\"Christian\" \/>\n\t<meta name=\"twitter:label2\" content=\"Gesch\u00e4tzte Lesezeit\" \/>\n\t<meta name=\"twitter:data2\" content=\"1\u00a0Minute\" \/>\n<script type=\"application\/ld+json\" class=\"yoast-schema-graph\">{\"@context\":\"https:\\\/\\\/schema.org\",\"@graph\":[{\"@type\":\"Article\",\"@id\":\"https:\\\/\\\/cafe-ruhrblick.ruhr\\\/?p=366#article\",\"isPartOf\":{\"@id\":\"https:\\\/\\\/cafe-ruhrblick.ruhr\\\/?p=366\"},\"author\":{\"name\":\"Christian\",\"@id\":\"https:\\\/\\\/cafe-ruhrblick.ruhr\\\/#\\\/schema\\\/person\\\/0b2538e072af41c480f668575acc7fb2\"},\"headline\":\"B\u00e4cker (m\\\/w\\\/d) gesucht!\",\"datePublished\":\"2023-10-01T07:32:33+00:00\",\"dateModified\":\"2023-10-01T07:32:34+00:00\",\"mainEntityOfPage\":{\"@id\":\"https:\\\/\\\/cafe-ruhrblick.ruhr\\\/?p=366\"},\"wordCount\":35,\"commentCount\":0,\"publisher\":{\"@id\":\"https:\\\/\\\/cafe-ruhrblick.ruhr\\\/#organization\"},\"image\":{\"@id\":\"https:\\\/\\\/cafe-ruhrblick.ruhr\\\/?p=366#primaryimage\"},\"thumbnailUrl\":\"https:\\\/\\\/cafe-ruhrblick.ruhr\\\/wp-content\\\/uploads\\\/2019\\\/10\\\/unbenannte-Fotosession-6910.jpg\",\"articleSection\":[\"Neues\"],\"inLanguage\":\"de\",\"potentialAction\":[{\"@type\":\"CommentAction\",\"name\":\"Comment\",\"target\":[\"https:\\\/\\\/cafe-ruhrblick.ruhr\\\/?p=366#respond\"]}]},{\"@type\":\"WebPage\",\"@id\":\"https:\\\/\\\/cafe-ruhrblick.ruhr\\\/?p=366\",\"url\":\"https:\\\/\\\/cafe-ruhrblick.ruhr\\\/?p=366\",\"name\":\"B\u00e4cker (m\\\/w\\\/d) gesucht! - Caf\u00e9 Ruhrblick\",\"isPartOf\":{\"@id\":\"https:\\\/\\\/cafe-ruhrblick.ruhr\\\/#website\"},\"primaryImageOfPage\":{\"@id\":\"https:\\\/\\\/cafe-ruhrblick.ruhr\\\/?p=366#primaryimage\"},\"image\":{\"@id\":\"https:\\\/\\\/cafe-ruhrblick.ruhr\\\/?p=366#primaryimage\"},\"thumbnailUrl\":\"https:\\\/\\\/cafe-ruhrblick.ruhr\\\/wp-content\\\/uploads\\\/2019\\\/10\\\/unbenannte-Fotosession-6910.jpg\",\"datePublished\":\"2023-10-01T07:32:33+00:00\",\"dateModified\":\"2023-10-01T07:32:34+00:00\",\"breadcrumb\":{\"@id\":\"https:\\\/\\\/cafe-ruhrblick.ruhr\\\/?p=366#breadcrumb\"},\"inLanguage\":\"de\",\"potentialAction\":[{\"@type\":\"ReadAction\",\"target\":[\"https:\\\/\\\/cafe-ruhrblick.ruhr\\\/?p=366\"]}]},{\"@type\":\"ImageObject\",\"inLanguage\":\"de\",\"@id\":\"https:\\\/\\\/cafe-ruhrblick.ruhr\\\/?p=366#primaryimage\",\"url\":\"https:\\\/\\\/cafe-ruhrblick.ruhr\\\/wp-content\\\/uploads\\\/2019\\\/10\\\/unbenannte-Fotosession-6910.jpg\",\"contentUrl\":\"https:\\\/\\\/cafe-ruhrblick.ruhr\\\/wp-content\\\/uploads\\\/2019\\\/10\\\/unbenannte-Fotosession-6910.jpg\",\"width\":768,\"height\":513},{\"@type\":\"BreadcrumbList\",\"@id\":\"https:\\\/\\\/cafe-ruhrblick.ruhr\\\/?p=366#breadcrumb\",\"itemListElement\":[{\"@type\":\"ListItem\",\"position\":1,\"name\":\"Startseite\",\"item\":\"https:\\\/\\\/cafe-ruhrblick.ruhr\\\/\"},{\"@type\":\"ListItem\",\"position\":2,\"name\":\"B\u00e4cker (m\\\/w\\\/d) gesucht!\"}]},{\"@type\":\"WebSite\",\"@id\":\"https:\\\/\\\/cafe-ruhrblick.ruhr\\\/#website\",\"url\":\"https:\\\/\\\/cafe-ruhrblick.ruhr\\\/\",\"name\":\"Caf\u00e9 Ruhrblick\",\"description\":\"Genie\u00dfen mit guter Aussicht\",\"publisher\":{\"@id\":\"https:\\\/\\\/cafe-ruhrblick.ruhr\\\/#organization\"},\"potentialAction\":[{\"@type\":\"SearchAction\",\"target\":{\"@type\":\"EntryPoint\",\"urlTemplate\":\"https:\\\/\\\/cafe-ruhrblick.ruhr\\\/?s={search_term_string}\"},\"query-input\":{\"@type\":\"PropertyValueSpecification\",\"valueRequired\":true,\"valueName\":\"search_term_string\"}}],\"inLanguage\":\"de\"},{\"@type\":\"Organization\",\"@id\":\"https:\\\/\\\/cafe-ruhrblick.ruhr\\\/#organization\",\"name\":\"Caf\u00e9 Ruhrblick\",\"url\":\"https:\\\/\\\/cafe-ruhrblick.ruhr\\\/\",\"logo\":{\"@type\":\"ImageObject\",\"inLanguage\":\"de\",\"@id\":\"https:\\\/\\\/cafe-ruhrblick.ruhr\\\/#\\\/schema\\\/logo\\\/image\\\/\",\"url\":\"https:\\\/\\\/cafe-ruhrblick.ruhr\\\/wp-content\\\/uploads\\\/2019\\\/07\\\/cropped-branding.png\",\"contentUrl\":\"https:\\\/\\\/cafe-ruhrblick.ruhr\\\/wp-content\\\/uploads\\\/2019\\\/07\\\/cropped-branding.png\",\"width\":153,\"height\":97,\"caption\":\"Caf\u00e9 Ruhrblick\"},\"image\":{\"@id\":\"https:\\\/\\\/cafe-ruhrblick.ruhr\\\/#\\\/schema\\\/logo\\\/image\\\/\"}},{\"@type\":\"Person\",\"@id\":\"https:\\\/\\\/cafe-ruhrblick.ruhr\\\/#\\\/schema\\\/person\\\/0b2538e072af41c480f668575acc7fb2\",\"name\":\"Christian\",\"image\":{\"@type\":\"ImageObject\",\"inLanguage\":\"de\",\"@id\":\"https:\\\/\\\/secure.gravatar.com\\\/avatar\\\/eb7ff8c3da919397c319ab2d31bc37e79b98a89e8b4f94f48e47d0d88b2dd7e9?s=96&d=mm&r=g\",\"url\":\"https:\\\/\\\/secure.gravatar.com\\\/avatar\\\/eb7ff8c3da919397c319ab2d31bc37e79b98a89e8b4f94f48e47d0d88b2dd7e9?s=96&d=mm&r=g\",\"contentUrl\":\"https:\\\/\\\/secure.gravatar.com\\\/avatar\\\/eb7ff8c3da919397c319ab2d31bc37e79b98a89e8b4f94f48e47d0d88b2dd7e9?s=96&d=mm&r=g\",\"caption\":\"Christian\"},\"url\":\"https:\\\/\\\/cafe-ruhrblick.ruhr\\\/?author=1\"}]}<\/script>\n<!-- \/ Yoast SEO plugin. -->","yoast_head_json":{"title":"B\u00e4cker (m\/w\/d) gesucht! - Caf\u00e9 Ruhrblick","robots":{"index":"index","follow":"follow","max-snippet":"max-snippet:-1","max-image-preview":"max-image-preview:large","max-video-preview":"max-video-preview:-1"},"canonical":"https:\/\/cafe-ruhrblick.ruhr\/?p=366","og_locale":"de_DE","og_type":"article","og_title":"B\u00e4cker (m\/w\/d) gesucht! - Caf\u00e9 Ruhrblick","og_description":"Wir suchen ab sofort einen B\u00e4cker (m\/w\/d) f\u00fcr unsere Backstube an der&hellip; Continue reading &ldquo;B\u00e4cker (m\/w\/d) gesucht!&rdquo;&hellip;","og_url":"https:\/\/cafe-ruhrblick.ruhr\/?p=366","og_site_name":"Caf\u00e9 Ruhrblick","article_published_time":"2023-10-01T07:32:33+00:00","article_modified_time":"2023-10-01T07:32:34+00:00","og_image":[{"url":"https:\/\/cafe-ruhrblick.ruhr\/wp-content\/uploads\/2019\/10\/unbenannte-Fotosession-6910.jpg","type":"","width":"","height":""}],"author":"Christian","twitter_card":"summary_large_image","twitter_misc":{"Verfasst von":"Christian","Gesch\u00e4tzte Lesezeit":"1\u00a0Minute"},"schema":{"@context":"https:\/\/schema.org","@graph":[{"@type":"Article","@id":"https:\/\/cafe-ruhrblick.ruhr\/?p=366#article","isPartOf":{"@id":"https:\/\/cafe-ruhrblick.ruhr\/?p=366"},"author":{"name":"Christian","@id":"https:\/\/cafe-ruhrblick.ruhr\/#\/schema\/person\/0b2538e072af41c480f668575acc7fb2"},"headline":"B\u00e4cker (m\/w\/d) gesucht!","datePublished":"2023-10-01T07:32:33+00:00","dateModified":"2023-10-01T07:32:34+00:00","mainEntityOfPage":{"@id":"https:\/\/cafe-ruhrblick.ruhr\/?p=366"},"wordCount":35,"commentCount":0,"publisher":{"@id":"https:\/\/cafe-ruhrblick.ruhr\/#organization"},"image":{"@id":"https:\/\/cafe-ruhrblick.ruhr\/?p=366#primaryimage"},"thumbnailUrl":"https:\/\/cafe-ruhrblick.ruhr\/wp-content\/uploads\/2019\/10\/unbenannte-Fotosession-6910.jpg","articleSection":["Neues"],"inLanguage":"de","potentialAction":[{"@type":"CommentAction","name":"Comment","target":["https:\/\/cafe-ruhrblick.ruhr\/?p=366#respond"]}]},{"@type":"WebPage","@id":"https:\/\/cafe-ruhrblick.ruhr\/?p=366","url":"https:\/\/cafe-ruhrblick.ruhr\/?p=366","name":"B\u00e4cker (m\/w\/d) gesucht! - Caf\u00e9 Ruhrblick","isPartOf":{"@id":"https:\/\/cafe-ruhrblick.ruhr\/#website"},"primaryImageOfPage":{"@id":"https:\/\/cafe-ruhrblick.ruhr\/?p=366#primaryimage"},"image":{"@id":"https:\/\/cafe-ruhrblick.ruhr\/?p=366#primaryimage"},"thumbnailUrl":"https:\/\/cafe-ruhrblick.ruhr\/wp-content\/uploads\/2019\/10\/unbenannte-Fotosession-6910.jpg","datePublished":"2023-10-01T07:32:33+00:00","dateModified":"2023-10-01T07:32:34+00:00","breadcrumb":{"@id":"https:\/\/cafe-ruhrblick.ruhr\/?p=366#breadcrumb"},"inLanguage":"de","potentialAction":[{"@type":"ReadAction","target":["https:\/\/cafe-ruhrblick.ruhr\/?p=366"]}]},{"@type":"ImageObject","inLanguage":"de","@id":"https:\/\/cafe-ruhrblick.ruhr\/?p=366#primaryimage","url":"https:\/\/cafe-ruhrblick.ruhr\/wp-content\/uploads\/2019\/10\/unbenannte-Fotosession-6910.jpg","contentUrl":"https:\/\/cafe-ruhrblick.ruhr\/wp-content\/uploads\/2019\/10\/unbenannte-Fotosession-6910.jpg","width":768,"height":513},{"@type":"BreadcrumbList","@id":"https:\/\/cafe-ruhrblick.ruhr\/?p=366#breadcrumb","itemListElement":[{"@type":"ListItem","position":1,"name":"Startseite","item":"https:\/\/cafe-ruhrblick.ruhr\/"},{"@type":"ListItem","position":2,"name":"B\u00e4cker (m\/w\/d) gesucht!"}]},{"@type":"WebSite","@id":"https:\/\/cafe-ruhrblick.ruhr\/#website","url":"https:\/\/cafe-ruhrblick.ruhr\/","name":"Caf\u00e9 Ruhrblick","description":"Genie\u00dfen mit guter Aussicht","publisher":{"@id":"https:\/\/cafe-ruhrblick.ruhr\/#organization"},"potentialAction":[{"@type":"SearchAction","target":{"@type":"EntryPoint","urlTemplate":"https:\/\/cafe-ruhrblick.ruhr\/?s={search_term_string}"},"query-input":{"@type":"PropertyValueSpecification","valueRequired":true,"valueName":"search_term_string"}}],"inLanguage":"de"},{"@type":"Organization","@id":"https:\/\/cafe-ruhrblick.ruhr\/#organization","name":"Caf\u00e9 Ruhrblick","url":"https:\/\/cafe-ruhrblick.ruhr\/","logo":{"@type":"ImageObject","inLanguage":"de","@id":"https:\/\/cafe-ruhrblick.ruhr\/#\/schema\/logo\/image\/","url":"https:\/\/cafe-ruhrblick.ruhr\/wp-content\/uploads\/2019\/07\/cropped-branding.png","contentUrl":"https:\/\/cafe-ruhrblick.ruhr\/wp-content\/uploads\/2019\/07\/cropped-branding.png","width":153,"height":97,"caption":"Caf\u00e9 Ruhrblick"},"image":{"@id":"https:\/\/cafe-ruhrblick.ruhr\/#\/schema\/logo\/image\/"}},{"@type":"Person","@id":"https:\/\/cafe-ruhrblick.ruhr\/#\/schema\/person\/0b2538e072af41c480f668575acc7fb2","name":"Christian","image":{"@type":"ImageObject","inLanguage":"de","@id":"https:\/\/secure.gravatar.com\/avatar\/eb7ff8c3da919397c319ab2d31bc37e79b98a89e8b4f94f48e47d0d88b2dd7e9?s=96&d=mm&r=g","url":"https:\/\/secure.gravatar.com\/avatar\/eb7ff8c3da919397c319ab2d31bc37e79b98a89e8b4f94f48e47d0d88b2dd7e9?s=96&d=mm&r=g","contentUrl":"https:\/\/secure.gravatar.com\/avatar\/eb7ff8c3da919397c319ab2d31bc37e79b98a89e8b4f94f48e47d0d88b2dd7e9?s=96&d=mm&r=g","caption":"Christian"},"url":"https:\/\/cafe-ruhrblick.ruhr\/?author=1"}]}},"_links":{"self":[{"href":"https:\/\/cafe-ruhrblick.ruhr\/index.php?rest_route=\/wp\/v2\/posts\/366","targetHints":{"allow":["GET"]}}],"collection":[{"href":"https:\/\/cafe-ruhrblick.ruhr\/index.php?rest_route=\/wp\/v2\/posts"}],"about":[{"href":"https:\/\/cafe-ruhrblick.ruhr\/index.php?rest_route=\/wp\/v2\/types\/post"}],"author":[{"embeddable":true,"href":"https:\/\/cafe-ruhrblick.ruhr\/index.php?rest_route=\/wp\/v2\/users\/1"}],"replies":[{"embeddable":true,"href":"https:\/\/cafe-ruhrblick.ruhr\/index.php?rest_route=%2Fwp%2Fv2%2Fcomments&post=366"}],"version-history":[{"count":1,"href":"https:\/\/cafe-ruhrblick.ruhr\/index.php?rest_route=\/wp\/v2\/posts\/366\/revisions"}],"predecessor-version":[{"id":367,"href":"https:\/\/cafe-ruhrblick.ruhr\/index.php?rest_route=\/wp\/v2\/posts\/366\/revisions\/367"}],"wp:attachment":[{"href":"https:\/\/cafe-ruhrblick.ruhr\/index.php?rest_route=%2Fwp%2Fv2%2Fmedia&parent=366"}],"wp:term":[{"taxonomy":"category","embeddable":true,"href":"https:\/\/cafe-ruhrblick.ruhr\/index.php?rest_route=%2Fwp%2Fv2%2Fcategories&post=366"},{"taxonomy":"post_tag","embeddable":true,"href":"https:\/\/cafe-ruhrblick.ruhr\/index.php?rest_route=%2Fwp%2Fv2%2Ftags&post=366"}],"curies":[{"name":"wp","href":"https:\/\/api.w.org\/{rel}","templated":true}]}}