{"id":339,"date":"2023-05-26T14:54:33","date_gmt":"2023-05-26T14:54:33","guid":{"rendered":"https:\/\/cafe-ruhrblick.ruhr\/?p=339"},"modified":"2023-05-26T14:54:35","modified_gmt":"2023-05-26T14:54:35","slug":"frohe-pfingsten","status":"publish","type":"post","link":"https:\/\/cafe-ruhrblick.ruhr\/?p=339","title":{"rendered":"Frohe Pfingsten"},"content":{"rendered":"\n<p>An Pfingsten feiern wir die Aussendung des Geists Gottes an die J\u00fcnger Jesu. Wir w\u00fcnschen Ihnen besinnliche Pfingsten. Am Pfingstmontag bleiben unsere Gesch\u00e4fte geschlossen. Ihr Team vom Caf\u00e9 Ruhrblick <\/p>\n\n\n\n<p><\/p>\n","protected":false},"excerpt":{"rendered":"<div class=\"entry-summary\">\nAn Pfingsten feiern wir die Aussendung des Geists Gottes an die J\u00fcnger&hellip;\n<\/div>\n<div class=\"link-more\"><a href=\"https:\/\/cafe-ruhrblick.ruhr\/?p=339\" class=\"more-link\">Continue reading<span class=\"screen-reader-text\"> &ldquo;Frohe Pfingsten&rdquo;<\/span>&hellip;<\/a><\/div>\n","protected":false},"author":1,"featured_media":0,"comment_status":"open","ping_status":"open","sticky":false,"template":"","format":"standard","meta":{"_monsterinsights_skip_tracking":false,"_monsterinsights_sitenote_active":false,"_monsterinsights_sitenote_note":"","_monsterinsights_sitenote_category":0,"footnotes":""},"categories":[1],"tags":[],"class_list":["post-339","post","type-post","status-publish","format-standard","hentry","category-neues","entry"],"yoast_head":"<!-- This site is optimized with the Yoast SEO plugin v27.5 - https:\/\/yoast.com\/product\/yoast-seo-wordpress\/ -->\n<title>Frohe Pfingsten - Caf\u00e9 Ruhrblick<\/title>\n<meta name=\"robots\" content=\"index, follow, max-snippet:-1, max-image-preview:large, max-video-preview:-1\" \/>\n<link rel=\"canonical\" href=\"https:\/\/cafe-ruhrblick.ruhr\/?p=339\" \/>\n<meta property=\"og:locale\" content=\"de_DE\" \/>\n<meta property=\"og:type\" content=\"article\" \/>\n<meta property=\"og:title\" content=\"Frohe Pfingsten - Caf\u00e9 Ruhrblick\" \/>\n<meta property=\"og:description\" content=\"An Pfingsten feiern wir die Aussendung des Geists Gottes an die J\u00fcnger&hellip; Continue reading &ldquo;Frohe Pfingsten&rdquo;&hellip;\" \/>\n<meta property=\"og:url\" content=\"https:\/\/cafe-ruhrblick.ruhr\/?p=339\" \/>\n<meta property=\"og:site_name\" content=\"Caf\u00e9 Ruhrblick\" \/>\n<meta property=\"article:published_time\" content=\"2023-05-26T14:54:33+00:00\" \/>\n<meta property=\"article:modified_time\" content=\"2023-05-26T14:54:35+00:00\" \/>\n<meta name=\"author\" content=\"Christian\" \/>\n<meta name=\"twitter:card\" content=\"summary_large_image\" \/>\n<meta name=\"twitter:label1\" content=\"Verfasst von\" \/>\n\t<meta name=\"twitter:data1\" content=\"Christian\" \/>\n\t<meta name=\"twitter:label2\" content=\"Gesch\u00e4tzte Lesezeit\" \/>\n\t<meta name=\"twitter:data2\" content=\"1\u00a0Minute\" \/>\n<script type=\"application\/ld+json\" class=\"yoast-schema-graph\">{\"@context\":\"https:\\\/\\\/schema.org\",\"@graph\":[{\"@type\":\"Article\",\"@id\":\"https:\\\/\\\/cafe-ruhrblick.ruhr\\\/?p=339#article\",\"isPartOf\":{\"@id\":\"https:\\\/\\\/cafe-ruhrblick.ruhr\\\/?p=339\"},\"author\":{\"name\":\"Christian\",\"@id\":\"https:\\\/\\\/cafe-ruhrblick.ruhr\\\/#\\\/schema\\\/person\\\/0b2538e072af41c480f668575acc7fb2\"},\"headline\":\"Frohe Pfingsten\",\"datePublished\":\"2023-05-26T14:54:33+00:00\",\"dateModified\":\"2023-05-26T14:54:35+00:00\",\"mainEntityOfPage\":{\"@id\":\"https:\\\/\\\/cafe-ruhrblick.ruhr\\\/?p=339\"},\"wordCount\":34,\"commentCount\":0,\"publisher\":{\"@id\":\"https:\\\/\\\/cafe-ruhrblick.ruhr\\\/#organization\"},\"articleSection\":[\"Neues\"],\"inLanguage\":\"de\",\"potentialAction\":[{\"@type\":\"CommentAction\",\"name\":\"Comment\",\"target\":[\"https:\\\/\\\/cafe-ruhrblick.ruhr\\\/?p=339#respond\"]}]},{\"@type\":\"WebPage\",\"@id\":\"https:\\\/\\\/cafe-ruhrblick.ruhr\\\/?p=339\",\"url\":\"https:\\\/\\\/cafe-ruhrblick.ruhr\\\/?p=339\",\"name\":\"Frohe Pfingsten - Caf\u00e9 Ruhrblick\",\"isPartOf\":{\"@id\":\"https:\\\/\\\/cafe-ruhrblick.ruhr\\\/#website\"},\"datePublished\":\"2023-05-26T14:54:33+00:00\",\"dateModified\":\"2023-05-26T14:54:35+00:00\",\"breadcrumb\":{\"@id\":\"https:\\\/\\\/cafe-ruhrblick.ruhr\\\/?p=339#breadcrumb\"},\"inLanguage\":\"de\",\"potentialAction\":[{\"@type\":\"ReadAction\",\"target\":[\"https:\\\/\\\/cafe-ruhrblick.ruhr\\\/?p=339\"]}]},{\"@type\":\"BreadcrumbList\",\"@id\":\"https:\\\/\\\/cafe-ruhrblick.ruhr\\\/?p=339#breadcrumb\",\"itemListElement\":[{\"@type\":\"ListItem\",\"position\":1,\"name\":\"Startseite\",\"item\":\"https:\\\/\\\/cafe-ruhrblick.ruhr\\\/\"},{\"@type\":\"ListItem\",\"position\":2,\"name\":\"Frohe Pfingsten\"}]},{\"@type\":\"WebSite\",\"@id\":\"https:\\\/\\\/cafe-ruhrblick.ruhr\\\/#website\",\"url\":\"https:\\\/\\\/cafe-ruhrblick.ruhr\\\/\",\"name\":\"Caf\u00e9 Ruhrblick\",\"description\":\"Genie\u00dfen mit guter Aussicht\",\"publisher\":{\"@id\":\"https:\\\/\\\/cafe-ruhrblick.ruhr\\\/#organization\"},\"potentialAction\":[{\"@type\":\"SearchAction\",\"target\":{\"@type\":\"EntryPoint\",\"urlTemplate\":\"https:\\\/\\\/cafe-ruhrblick.ruhr\\\/?s={search_term_string}\"},\"query-input\":{\"@type\":\"PropertyValueSpecification\",\"valueRequired\":true,\"valueName\":\"search_term_string\"}}],\"inLanguage\":\"de\"},{\"@type\":\"Organization\",\"@id\":\"https:\\\/\\\/cafe-ruhrblick.ruhr\\\/#organization\",\"name\":\"Caf\u00e9 Ruhrblick\",\"url\":\"https:\\\/\\\/cafe-ruhrblick.ruhr\\\/\",\"logo\":{\"@type\":\"ImageObject\",\"inLanguage\":\"de\",\"@id\":\"https:\\\/\\\/cafe-ruhrblick.ruhr\\\/#\\\/schema\\\/logo\\\/image\\\/\",\"url\":\"https:\\\/\\\/cafe-ruhrblick.ruhr\\\/wp-content\\\/uploads\\\/2019\\\/07\\\/cropped-branding.png\",\"contentUrl\":\"https:\\\/\\\/cafe-ruhrblick.ruhr\\\/wp-content\\\/uploads\\\/2019\\\/07\\\/cropped-branding.png\",\"width\":153,\"height\":97,\"caption\":\"Caf\u00e9 Ruhrblick\"},\"image\":{\"@id\":\"https:\\\/\\\/cafe-ruhrblick.ruhr\\\/#\\\/schema\\\/logo\\\/image\\\/\"}},{\"@type\":\"Person\",\"@id\":\"https:\\\/\\\/cafe-ruhrblick.ruhr\\\/#\\\/schema\\\/person\\\/0b2538e072af41c480f668575acc7fb2\",\"name\":\"Christian\",\"image\":{\"@type\":\"ImageObject\",\"inLanguage\":\"de\",\"@id\":\"https:\\\/\\\/secure.gravatar.com\\\/avatar\\\/eb7ff8c3da919397c319ab2d31bc37e79b98a89e8b4f94f48e47d0d88b2dd7e9?s=96&d=mm&r=g\",\"url\":\"https:\\\/\\\/secure.gravatar.com\\\/avatar\\\/eb7ff8c3da919397c319ab2d31bc37e79b98a89e8b4f94f48e47d0d88b2dd7e9?s=96&d=mm&r=g\",\"contentUrl\":\"https:\\\/\\\/secure.gravatar.com\\\/avatar\\\/eb7ff8c3da919397c319ab2d31bc37e79b98a89e8b4f94f48e47d0d88b2dd7e9?s=96&d=mm&r=g\",\"caption\":\"Christian\"},\"url\":\"https:\\\/\\\/cafe-ruhrblick.ruhr\\\/?author=1\"}]}<\/script>\n<!-- \/ Yoast SEO plugin. -->","yoast_head_json":{"title":"Frohe Pfingsten - Caf\u00e9 Ruhrblick","robots":{"index":"index","follow":"follow","max-snippet":"max-snippet:-1","max-image-preview":"max-image-preview:large","max-video-preview":"max-video-preview:-1"},"canonical":"https:\/\/cafe-ruhrblick.ruhr\/?p=339","og_locale":"de_DE","og_type":"article","og_title":"Frohe Pfingsten - Caf\u00e9 Ruhrblick","og_description":"An Pfingsten feiern wir die Aussendung des Geists Gottes an die J\u00fcnger&hellip; Continue reading &ldquo;Frohe Pfingsten&rdquo;&hellip;","og_url":"https:\/\/cafe-ruhrblick.ruhr\/?p=339","og_site_name":"Caf\u00e9 Ruhrblick","article_published_time":"2023-05-26T14:54:33+00:00","article_modified_time":"2023-05-26T14:54:35+00:00","author":"Christian","twitter_card":"summary_large_image","twitter_misc":{"Verfasst von":"Christian","Gesch\u00e4tzte Lesezeit":"1\u00a0Minute"},"schema":{"@context":"https:\/\/schema.org","@graph":[{"@type":"Article","@id":"https:\/\/cafe-ruhrblick.ruhr\/?p=339#article","isPartOf":{"@id":"https:\/\/cafe-ruhrblick.ruhr\/?p=339"},"author":{"name":"Christian","@id":"https:\/\/cafe-ruhrblick.ruhr\/#\/schema\/person\/0b2538e072af41c480f668575acc7fb2"},"headline":"Frohe Pfingsten","datePublished":"2023-05-26T14:54:33+00:00","dateModified":"2023-05-26T14:54:35+00:00","mainEntityOfPage":{"@id":"https:\/\/cafe-ruhrblick.ruhr\/?p=339"},"wordCount":34,"commentCount":0,"publisher":{"@id":"https:\/\/cafe-ruhrblick.ruhr\/#organization"},"articleSection":["Neues"],"inLanguage":"de","potentialAction":[{"@type":"CommentAction","name":"Comment","target":["https:\/\/cafe-ruhrblick.ruhr\/?p=339#respond"]}]},{"@type":"WebPage","@id":"https:\/\/cafe-ruhrblick.ruhr\/?p=339","url":"https:\/\/cafe-ruhrblick.ruhr\/?p=339","name":"Frohe Pfingsten - Caf\u00e9 Ruhrblick","isPartOf":{"@id":"https:\/\/cafe-ruhrblick.ruhr\/#website"},"datePublished":"2023-05-26T14:54:33+00:00","dateModified":"2023-05-26T14:54:35+00:00","breadcrumb":{"@id":"https:\/\/cafe-ruhrblick.ruhr\/?p=339#breadcrumb"},"inLanguage":"de","potentialAction":[{"@type":"ReadAction","target":["https:\/\/cafe-ruhrblick.ruhr\/?p=339"]}]},{"@type":"BreadcrumbList","@id":"https:\/\/cafe-ruhrblick.ruhr\/?p=339#breadcrumb","itemListElement":[{"@type":"ListItem","position":1,"name":"Startseite","item":"https:\/\/cafe-ruhrblick.ruhr\/"},{"@type":"ListItem","position":2,"name":"Frohe Pfingsten"}]},{"@type":"WebSite","@id":"https:\/\/cafe-ruhrblick.ruhr\/#website","url":"https:\/\/cafe-ruhrblick.ruhr\/","name":"Caf\u00e9 Ruhrblick","description":"Genie\u00dfen mit guter Aussicht","publisher":{"@id":"https:\/\/cafe-ruhrblick.ruhr\/#organization"},"potentialAction":[{"@type":"SearchAction","target":{"@type":"EntryPoint","urlTemplate":"https:\/\/cafe-ruhrblick.ruhr\/?s={search_term_string}"},"query-input":{"@type":"PropertyValueSpecification","valueRequired":true,"valueName":"search_term_string"}}],"inLanguage":"de"},{"@type":"Organization","@id":"https:\/\/cafe-ruhrblick.ruhr\/#organization","name":"Caf\u00e9 Ruhrblick","url":"https:\/\/cafe-ruhrblick.ruhr\/","logo":{"@type":"ImageObject","inLanguage":"de","@id":"https:\/\/cafe-ruhrblick.ruhr\/#\/schema\/logo\/image\/","url":"https:\/\/cafe-ruhrblick.ruhr\/wp-content\/uploads\/2019\/07\/cropped-branding.png","contentUrl":"https:\/\/cafe-ruhrblick.ruhr\/wp-content\/uploads\/2019\/07\/cropped-branding.png","width":153,"height":97,"caption":"Caf\u00e9 Ruhrblick"},"image":{"@id":"https:\/\/cafe-ruhrblick.ruhr\/#\/schema\/logo\/image\/"}},{"@type":"Person","@id":"https:\/\/cafe-ruhrblick.ruhr\/#\/schema\/person\/0b2538e072af41c480f668575acc7fb2","name":"Christian","image":{"@type":"ImageObject","inLanguage":"de","@id":"https:\/\/secure.gravatar.com\/avatar\/eb7ff8c3da919397c319ab2d31bc37e79b98a89e8b4f94f48e47d0d88b2dd7e9?s=96&d=mm&r=g","url":"https:\/\/secure.gravatar.com\/avatar\/eb7ff8c3da919397c319ab2d31bc37e79b98a89e8b4f94f48e47d0d88b2dd7e9?s=96&d=mm&r=g","contentUrl":"https:\/\/secure.gravatar.com\/avatar\/eb7ff8c3da919397c319ab2d31bc37e79b98a89e8b4f94f48e47d0d88b2dd7e9?s=96&d=mm&r=g","caption":"Christian"},"url":"https:\/\/cafe-ruhrblick.ruhr\/?author=1"}]}},"_links":{"self":[{"href":"https:\/\/cafe-ruhrblick.ruhr\/index.php?rest_route=\/wp\/v2\/posts\/339","targetHints":{"allow":["GET"]}}],"collection":[{"href":"https:\/\/cafe-ruhrblick.ruhr\/index.php?rest_route=\/wp\/v2\/posts"}],"about":[{"href":"https:\/\/cafe-ruhrblick.ruhr\/index.php?rest_route=\/wp\/v2\/types\/post"}],"author":[{"embeddable":true,"href":"https:\/\/cafe-ruhrblick.ruhr\/index.php?rest_route=\/wp\/v2\/users\/1"}],"replies":[{"embeddable":true,"href":"https:\/\/cafe-ruhrblick.ruhr\/index.php?rest_route=%2Fwp%2Fv2%2Fcomments&post=339"}],"version-history":[{"count":1,"href":"https:\/\/cafe-ruhrblick.ruhr\/index.php?rest_route=\/wp\/v2\/posts\/339\/revisions"}],"predecessor-version":[{"id":340,"href":"https:\/\/cafe-ruhrblick.ruhr\/index.php?rest_route=\/wp\/v2\/posts\/339\/revisions\/340"}],"wp:attachment":[{"href":"https:\/\/cafe-ruhrblick.ruhr\/index.php?rest_route=%2Fwp%2Fv2%2Fmedia&parent=339"}],"wp:term":[{"taxonomy":"category","embeddable":true,"href":"https:\/\/cafe-ruhrblick.ruhr\/index.php?rest_route=%2Fwp%2Fv2%2Fcategories&post=339"},{"taxonomy":"post_tag","embeddable":true,"href":"https:\/\/cafe-ruhrblick.ruhr\/index.php?rest_route=%2Fwp%2Fv2%2Ftags&post=339"}],"curies":[{"name":"wp","href":"https:\/\/api.w.org\/{rel}","templated":true}]}}