{"id":224,"date":"2020-11-28T09:03:32","date_gmt":"2020-11-28T09:03:32","guid":{"rendered":"http:\/\/cafe-ruhrblick.ruhr\/?p=224"},"modified":"2020-11-28T09:15:57","modified_gmt":"2020-11-28T09:15:57","slug":"gebaeckspezialitaeten-zu-weihnachten","status":"publish","type":"post","link":"https:\/\/cafe-ruhrblick.ruhr\/?p=224","title":{"rendered":"Geb\u00e4ckspezialit\u00e4ten zu Weihnachten"},"content":{"rendered":"<p>Auch in diesem Jahr lassen wir uns die Besinnlichkeit nicht nehmen. Wie immer zu Weihnachten haben wir auch in diesem Jahr ganz besondere Geb\u00e4ckspezialit\u00e4ten f\u00fcr Sie vorbereitet, die Sie ab sofort bei uns erhalten. Von Spekulatius \u00fcber Lebkuchen bis hin zu Vanillekipferln ist alles dabei was das Herz begehrt.<\/p>\n\n\n<figure class=\"wp-block-gallery columns-3 is-cropped wp-block-gallery-1 is-layout-flex wp-block-gallery-is-layout-flex\"><ul class=\"blocks-gallery-grid\"><li class=\"blocks-gallery-item\"><figure><img loading=\"lazy\" decoding=\"async\" width=\"240\" height=\"320\" src=\"https:\/\/cafe-ruhrblick.ruhr\/wp-content\/uploads\/2020\/11\/4F3F5F94-42CA-4A68-B5C4-ACEB5E97E367.jpeg\" alt=\"\" data-id=\"223\" data-full-url=\"https:\/\/cafe-ruhrblick.ruhr\/wp-content\/uploads\/2020\/11\/4F3F5F94-42CA-4A68-B5C4-ACEB5E97E367.jpeg\" data-link=\"https:\/\/cafe-ruhrblick.ruhr\/?attachment_id=223\" class=\"wp-image-223\" srcset=\"https:\/\/cafe-ruhrblick.ruhr\/wp-content\/uploads\/2020\/11\/4F3F5F94-42CA-4A68-B5C4-ACEB5E97E367.jpeg 240w, https:\/\/cafe-ruhrblick.ruhr\/wp-content\/uploads\/2020\/11\/4F3F5F94-42CA-4A68-B5C4-ACEB5E97E367-225x300.jpeg 225w\" sizes=\"auto, (max-width: 240px) 100vw, 240px\" \/><\/figure><\/li><li class=\"blocks-gallery-item\"><figure><img loading=\"lazy\" decoding=\"async\" width=\"320\" height=\"240\" src=\"https:\/\/cafe-ruhrblick.ruhr\/wp-content\/uploads\/2020\/11\/BB2A8126-5E0C-46D1-B604-7401C3904E27.jpeg\" alt=\"\" data-id=\"222\" data-full-url=\"https:\/\/cafe-ruhrblick.ruhr\/wp-content\/uploads\/2020\/11\/BB2A8126-5E0C-46D1-B604-7401C3904E27.jpeg\" data-link=\"https:\/\/cafe-ruhrblick.ruhr\/?attachment_id=222\" class=\"wp-image-222\" srcset=\"https:\/\/cafe-ruhrblick.ruhr\/wp-content\/uploads\/2020\/11\/BB2A8126-5E0C-46D1-B604-7401C3904E27.jpeg 320w, https:\/\/cafe-ruhrblick.ruhr\/wp-content\/uploads\/2020\/11\/BB2A8126-5E0C-46D1-B604-7401C3904E27-300x225.jpeg 300w\" sizes=\"auto, (max-width: 320px) 100vw, 320px\" \/><\/figure><\/li><li class=\"blocks-gallery-item\"><figure><img loading=\"lazy\" decoding=\"async\" width=\"320\" height=\"240\" src=\"https:\/\/cafe-ruhrblick.ruhr\/wp-content\/uploads\/2020\/11\/DA22D9FE-321D-4B0A-B78A-D64E15C25483.jpeg\" alt=\"\" data-id=\"221\" data-full-url=\"https:\/\/cafe-ruhrblick.ruhr\/wp-content\/uploads\/2020\/11\/DA22D9FE-321D-4B0A-B78A-D64E15C25483.jpeg\" data-link=\"https:\/\/cafe-ruhrblick.ruhr\/?attachment_id=221\" class=\"wp-image-221\" srcset=\"https:\/\/cafe-ruhrblick.ruhr\/wp-content\/uploads\/2020\/11\/DA22D9FE-321D-4B0A-B78A-D64E15C25483.jpeg 320w, https:\/\/cafe-ruhrblick.ruhr\/wp-content\/uploads\/2020\/11\/DA22D9FE-321D-4B0A-B78A-D64E15C25483-300x225.jpeg 300w\" sizes=\"auto, (max-width: 320px) 100vw, 320px\" \/><\/figure><\/li><\/ul><\/figure>\n","protected":false},"excerpt":{"rendered":"<div class=\"entry-summary\">\nAuch in diesem Jahr lassen wir uns die Besinnlichkeit nicht nehmen. Wie&hellip;\n<\/div>\n<div class=\"link-more\"><a href=\"https:\/\/cafe-ruhrblick.ruhr\/?p=224\" class=\"more-link\">Continue reading<span class=\"screen-reader-text\"> &ldquo;Geb\u00e4ckspezialit\u00e4ten zu Weihnachten&rdquo;<\/span>&hellip;<\/a><\/div>\n","protected":false},"author":1,"featured_media":0,"comment_status":"open","ping_status":"open","sticky":false,"template":"","format":"standard","meta":{"_monsterinsights_skip_tracking":false,"_monsterinsights_sitenote_active":false,"_monsterinsights_sitenote_note":"","_monsterinsights_sitenote_category":0,"footnotes":""},"categories":[1],"tags":[],"class_list":["post-224","post","type-post","status-publish","format-standard","hentry","category-neues","entry"],"yoast_head":"<!-- This site is optimized with the Yoast SEO plugin v27.5 - https:\/\/yoast.com\/product\/yoast-seo-wordpress\/ -->\n<title>Geb\u00e4ckspezialit\u00e4ten zu Weihnachten - Caf\u00e9 Ruhrblick<\/title>\n<meta name=\"robots\" content=\"index, follow, max-snippet:-1, max-image-preview:large, max-video-preview:-1\" \/>\n<link rel=\"canonical\" href=\"https:\/\/cafe-ruhrblick.ruhr\/?p=224\" \/>\n<meta property=\"og:locale\" content=\"de_DE\" \/>\n<meta property=\"og:type\" content=\"article\" \/>\n<meta property=\"og:title\" content=\"Geb\u00e4ckspezialit\u00e4ten zu Weihnachten - Caf\u00e9 Ruhrblick\" \/>\n<meta property=\"og:description\" content=\"Auch in diesem Jahr lassen wir uns die Besinnlichkeit nicht nehmen. Wie&hellip; Continue reading &ldquo;Geb\u00e4ckspezialit\u00e4ten zu Weihnachten&rdquo;&hellip;\" \/>\n<meta property=\"og:url\" content=\"https:\/\/cafe-ruhrblick.ruhr\/?p=224\" \/>\n<meta property=\"og:site_name\" content=\"Caf\u00e9 Ruhrblick\" \/>\n<meta property=\"article:published_time\" content=\"2020-11-28T09:03:32+00:00\" \/>\n<meta property=\"article:modified_time\" content=\"2020-11-28T09:15:57+00:00\" \/>\n<meta property=\"og:image\" content=\"http:\/\/cafe-ruhrblick.ruhr\/wp-content\/uploads\/2020\/11\/4F3F5F94-42CA-4A68-B5C4-ACEB5E97E367.jpeg\" \/>\n<meta name=\"author\" content=\"Christian\" \/>\n<meta name=\"twitter:card\" content=\"summary_large_image\" \/>\n<meta name=\"twitter:label1\" content=\"Verfasst von\" \/>\n\t<meta name=\"twitter:data1\" content=\"Christian\" \/>\n<script type=\"application\/ld+json\" class=\"yoast-schema-graph\">{\"@context\":\"https:\\\/\\\/schema.org\",\"@graph\":[{\"@type\":\"Article\",\"@id\":\"https:\\\/\\\/cafe-ruhrblick.ruhr\\\/?p=224#article\",\"isPartOf\":{\"@id\":\"https:\\\/\\\/cafe-ruhrblick.ruhr\\\/?p=224\"},\"author\":{\"name\":\"Christian\",\"@id\":\"https:\\\/\\\/cafe-ruhrblick.ruhr\\\/#\\\/schema\\\/person\\\/0b2538e072af41c480f668575acc7fb2\"},\"headline\":\"Geb\u00e4ckspezialit\u00e4ten zu Weihnachten\",\"datePublished\":\"2020-11-28T09:03:32+00:00\",\"dateModified\":\"2020-11-28T09:15:57+00:00\",\"mainEntityOfPage\":{\"@id\":\"https:\\\/\\\/cafe-ruhrblick.ruhr\\\/?p=224\"},\"wordCount\":57,\"commentCount\":0,\"publisher\":{\"@id\":\"https:\\\/\\\/cafe-ruhrblick.ruhr\\\/#organization\"},\"image\":{\"@id\":\"https:\\\/\\\/cafe-ruhrblick.ruhr\\\/?p=224#primaryimage\"},\"thumbnailUrl\":\"http:\\\/\\\/cafe-ruhrblick.ruhr\\\/wp-content\\\/uploads\\\/2020\\\/11\\\/4F3F5F94-42CA-4A68-B5C4-ACEB5E97E367.jpeg\",\"articleSection\":[\"Neues\"],\"inLanguage\":\"de\",\"potentialAction\":[{\"@type\":\"CommentAction\",\"name\":\"Comment\",\"target\":[\"https:\\\/\\\/cafe-ruhrblick.ruhr\\\/?p=224#respond\"]}]},{\"@type\":\"WebPage\",\"@id\":\"https:\\\/\\\/cafe-ruhrblick.ruhr\\\/?p=224\",\"url\":\"https:\\\/\\\/cafe-ruhrblick.ruhr\\\/?p=224\",\"name\":\"Geb\u00e4ckspezialit\u00e4ten zu Weihnachten - Caf\u00e9 Ruhrblick\",\"isPartOf\":{\"@id\":\"https:\\\/\\\/cafe-ruhrblick.ruhr\\\/#website\"},\"primaryImageOfPage\":{\"@id\":\"https:\\\/\\\/cafe-ruhrblick.ruhr\\\/?p=224#primaryimage\"},\"image\":{\"@id\":\"https:\\\/\\\/cafe-ruhrblick.ruhr\\\/?p=224#primaryimage\"},\"thumbnailUrl\":\"http:\\\/\\\/cafe-ruhrblick.ruhr\\\/wp-content\\\/uploads\\\/2020\\\/11\\\/4F3F5F94-42CA-4A68-B5C4-ACEB5E97E367.jpeg\",\"datePublished\":\"2020-11-28T09:03:32+00:00\",\"dateModified\":\"2020-11-28T09:15:57+00:00\",\"breadcrumb\":{\"@id\":\"https:\\\/\\\/cafe-ruhrblick.ruhr\\\/?p=224#breadcrumb\"},\"inLanguage\":\"de\",\"potentialAction\":[{\"@type\":\"ReadAction\",\"target\":[\"https:\\\/\\\/cafe-ruhrblick.ruhr\\\/?p=224\"]}]},{\"@type\":\"ImageObject\",\"inLanguage\":\"de\",\"@id\":\"https:\\\/\\\/cafe-ruhrblick.ruhr\\\/?p=224#primaryimage\",\"url\":\"https:\\\/\\\/cafe-ruhrblick.ruhr\\\/wp-content\\\/uploads\\\/2020\\\/11\\\/4F3F5F94-42CA-4A68-B5C4-ACEB5E97E367.jpeg\",\"contentUrl\":\"https:\\\/\\\/cafe-ruhrblick.ruhr\\\/wp-content\\\/uploads\\\/2020\\\/11\\\/4F3F5F94-42CA-4A68-B5C4-ACEB5E97E367.jpeg\",\"width\":240,\"height\":320},{\"@type\":\"BreadcrumbList\",\"@id\":\"https:\\\/\\\/cafe-ruhrblick.ruhr\\\/?p=224#breadcrumb\",\"itemListElement\":[{\"@type\":\"ListItem\",\"position\":1,\"name\":\"Startseite\",\"item\":\"https:\\\/\\\/cafe-ruhrblick.ruhr\\\/\"},{\"@type\":\"ListItem\",\"position\":2,\"name\":\"Geb\u00e4ckspezialit\u00e4ten zu Weihnachten\"}]},{\"@type\":\"WebSite\",\"@id\":\"https:\\\/\\\/cafe-ruhrblick.ruhr\\\/#website\",\"url\":\"https:\\\/\\\/cafe-ruhrblick.ruhr\\\/\",\"name\":\"Caf\u00e9 Ruhrblick\",\"description\":\"Genie\u00dfen mit guter Aussicht\",\"publisher\":{\"@id\":\"https:\\\/\\\/cafe-ruhrblick.ruhr\\\/#organization\"},\"potentialAction\":[{\"@type\":\"SearchAction\",\"target\":{\"@type\":\"EntryPoint\",\"urlTemplate\":\"https:\\\/\\\/cafe-ruhrblick.ruhr\\\/?s={search_term_string}\"},\"query-input\":{\"@type\":\"PropertyValueSpecification\",\"valueRequired\":true,\"valueName\":\"search_term_string\"}}],\"inLanguage\":\"de\"},{\"@type\":\"Organization\",\"@id\":\"https:\\\/\\\/cafe-ruhrblick.ruhr\\\/#organization\",\"name\":\"Caf\u00e9 Ruhrblick\",\"url\":\"https:\\\/\\\/cafe-ruhrblick.ruhr\\\/\",\"logo\":{\"@type\":\"ImageObject\",\"inLanguage\":\"de\",\"@id\":\"https:\\\/\\\/cafe-ruhrblick.ruhr\\\/#\\\/schema\\\/logo\\\/image\\\/\",\"url\":\"https:\\\/\\\/cafe-ruhrblick.ruhr\\\/wp-content\\\/uploads\\\/2019\\\/07\\\/cropped-branding.png\",\"contentUrl\":\"https:\\\/\\\/cafe-ruhrblick.ruhr\\\/wp-content\\\/uploads\\\/2019\\\/07\\\/cropped-branding.png\",\"width\":153,\"height\":97,\"caption\":\"Caf\u00e9 Ruhrblick\"},\"image\":{\"@id\":\"https:\\\/\\\/cafe-ruhrblick.ruhr\\\/#\\\/schema\\\/logo\\\/image\\\/\"}},{\"@type\":\"Person\",\"@id\":\"https:\\\/\\\/cafe-ruhrblick.ruhr\\\/#\\\/schema\\\/person\\\/0b2538e072af41c480f668575acc7fb2\",\"name\":\"Christian\",\"image\":{\"@type\":\"ImageObject\",\"inLanguage\":\"de\",\"@id\":\"https:\\\/\\\/secure.gravatar.com\\\/avatar\\\/eb7ff8c3da919397c319ab2d31bc37e79b98a89e8b4f94f48e47d0d88b2dd7e9?s=96&d=mm&r=g\",\"url\":\"https:\\\/\\\/secure.gravatar.com\\\/avatar\\\/eb7ff8c3da919397c319ab2d31bc37e79b98a89e8b4f94f48e47d0d88b2dd7e9?s=96&d=mm&r=g\",\"contentUrl\":\"https:\\\/\\\/secure.gravatar.com\\\/avatar\\\/eb7ff8c3da919397c319ab2d31bc37e79b98a89e8b4f94f48e47d0d88b2dd7e9?s=96&d=mm&r=g\",\"caption\":\"Christian\"},\"url\":\"https:\\\/\\\/cafe-ruhrblick.ruhr\\\/?author=1\"}]}<\/script>\n<!-- \/ Yoast SEO plugin. -->","yoast_head_json":{"title":"Geb\u00e4ckspezialit\u00e4ten zu Weihnachten - Caf\u00e9 Ruhrblick","robots":{"index":"index","follow":"follow","max-snippet":"max-snippet:-1","max-image-preview":"max-image-preview:large","max-video-preview":"max-video-preview:-1"},"canonical":"https:\/\/cafe-ruhrblick.ruhr\/?p=224","og_locale":"de_DE","og_type":"article","og_title":"Geb\u00e4ckspezialit\u00e4ten zu Weihnachten - Caf\u00e9 Ruhrblick","og_description":"Auch in diesem Jahr lassen wir uns die Besinnlichkeit nicht nehmen. Wie&hellip; Continue reading &ldquo;Geb\u00e4ckspezialit\u00e4ten zu Weihnachten&rdquo;&hellip;","og_url":"https:\/\/cafe-ruhrblick.ruhr\/?p=224","og_site_name":"Caf\u00e9 Ruhrblick","article_published_time":"2020-11-28T09:03:32+00:00","article_modified_time":"2020-11-28T09:15:57+00:00","og_image":[{"url":"http:\/\/cafe-ruhrblick.ruhr\/wp-content\/uploads\/2020\/11\/4F3F5F94-42CA-4A68-B5C4-ACEB5E97E367.jpeg","type":"","width":"","height":""}],"author":"Christian","twitter_card":"summary_large_image","twitter_misc":{"Verfasst von":"Christian"},"schema":{"@context":"https:\/\/schema.org","@graph":[{"@type":"Article","@id":"https:\/\/cafe-ruhrblick.ruhr\/?p=224#article","isPartOf":{"@id":"https:\/\/cafe-ruhrblick.ruhr\/?p=224"},"author":{"name":"Christian","@id":"https:\/\/cafe-ruhrblick.ruhr\/#\/schema\/person\/0b2538e072af41c480f668575acc7fb2"},"headline":"Geb\u00e4ckspezialit\u00e4ten zu Weihnachten","datePublished":"2020-11-28T09:03:32+00:00","dateModified":"2020-11-28T09:15:57+00:00","mainEntityOfPage":{"@id":"https:\/\/cafe-ruhrblick.ruhr\/?p=224"},"wordCount":57,"commentCount":0,"publisher":{"@id":"https:\/\/cafe-ruhrblick.ruhr\/#organization"},"image":{"@id":"https:\/\/cafe-ruhrblick.ruhr\/?p=224#primaryimage"},"thumbnailUrl":"http:\/\/cafe-ruhrblick.ruhr\/wp-content\/uploads\/2020\/11\/4F3F5F94-42CA-4A68-B5C4-ACEB5E97E367.jpeg","articleSection":["Neues"],"inLanguage":"de","potentialAction":[{"@type":"CommentAction","name":"Comment","target":["https:\/\/cafe-ruhrblick.ruhr\/?p=224#respond"]}]},{"@type":"WebPage","@id":"https:\/\/cafe-ruhrblick.ruhr\/?p=224","url":"https:\/\/cafe-ruhrblick.ruhr\/?p=224","name":"Geb\u00e4ckspezialit\u00e4ten zu Weihnachten - Caf\u00e9 Ruhrblick","isPartOf":{"@id":"https:\/\/cafe-ruhrblick.ruhr\/#website"},"primaryImageOfPage":{"@id":"https:\/\/cafe-ruhrblick.ruhr\/?p=224#primaryimage"},"image":{"@id":"https:\/\/cafe-ruhrblick.ruhr\/?p=224#primaryimage"},"thumbnailUrl":"http:\/\/cafe-ruhrblick.ruhr\/wp-content\/uploads\/2020\/11\/4F3F5F94-42CA-4A68-B5C4-ACEB5E97E367.jpeg","datePublished":"2020-11-28T09:03:32+00:00","dateModified":"2020-11-28T09:15:57+00:00","breadcrumb":{"@id":"https:\/\/cafe-ruhrblick.ruhr\/?p=224#breadcrumb"},"inLanguage":"de","potentialAction":[{"@type":"ReadAction","target":["https:\/\/cafe-ruhrblick.ruhr\/?p=224"]}]},{"@type":"ImageObject","inLanguage":"de","@id":"https:\/\/cafe-ruhrblick.ruhr\/?p=224#primaryimage","url":"https:\/\/cafe-ruhrblick.ruhr\/wp-content\/uploads\/2020\/11\/4F3F5F94-42CA-4A68-B5C4-ACEB5E97E367.jpeg","contentUrl":"https:\/\/cafe-ruhrblick.ruhr\/wp-content\/uploads\/2020\/11\/4F3F5F94-42CA-4A68-B5C4-ACEB5E97E367.jpeg","width":240,"height":320},{"@type":"BreadcrumbList","@id":"https:\/\/cafe-ruhrblick.ruhr\/?p=224#breadcrumb","itemListElement":[{"@type":"ListItem","position":1,"name":"Startseite","item":"https:\/\/cafe-ruhrblick.ruhr\/"},{"@type":"ListItem","position":2,"name":"Geb\u00e4ckspezialit\u00e4ten zu Weihnachten"}]},{"@type":"WebSite","@id":"https:\/\/cafe-ruhrblick.ruhr\/#website","url":"https:\/\/cafe-ruhrblick.ruhr\/","name":"Caf\u00e9 Ruhrblick","description":"Genie\u00dfen mit guter Aussicht","publisher":{"@id":"https:\/\/cafe-ruhrblick.ruhr\/#organization"},"potentialAction":[{"@type":"SearchAction","target":{"@type":"EntryPoint","urlTemplate":"https:\/\/cafe-ruhrblick.ruhr\/?s={search_term_string}"},"query-input":{"@type":"PropertyValueSpecification","valueRequired":true,"valueName":"search_term_string"}}],"inLanguage":"de"},{"@type":"Organization","@id":"https:\/\/cafe-ruhrblick.ruhr\/#organization","name":"Caf\u00e9 Ruhrblick","url":"https:\/\/cafe-ruhrblick.ruhr\/","logo":{"@type":"ImageObject","inLanguage":"de","@id":"https:\/\/cafe-ruhrblick.ruhr\/#\/schema\/logo\/image\/","url":"https:\/\/cafe-ruhrblick.ruhr\/wp-content\/uploads\/2019\/07\/cropped-branding.png","contentUrl":"https:\/\/cafe-ruhrblick.ruhr\/wp-content\/uploads\/2019\/07\/cropped-branding.png","width":153,"height":97,"caption":"Caf\u00e9 Ruhrblick"},"image":{"@id":"https:\/\/cafe-ruhrblick.ruhr\/#\/schema\/logo\/image\/"}},{"@type":"Person","@id":"https:\/\/cafe-ruhrblick.ruhr\/#\/schema\/person\/0b2538e072af41c480f668575acc7fb2","name":"Christian","image":{"@type":"ImageObject","inLanguage":"de","@id":"https:\/\/secure.gravatar.com\/avatar\/eb7ff8c3da919397c319ab2d31bc37e79b98a89e8b4f94f48e47d0d88b2dd7e9?s=96&d=mm&r=g","url":"https:\/\/secure.gravatar.com\/avatar\/eb7ff8c3da919397c319ab2d31bc37e79b98a89e8b4f94f48e47d0d88b2dd7e9?s=96&d=mm&r=g","contentUrl":"https:\/\/secure.gravatar.com\/avatar\/eb7ff8c3da919397c319ab2d31bc37e79b98a89e8b4f94f48e47d0d88b2dd7e9?s=96&d=mm&r=g","caption":"Christian"},"url":"https:\/\/cafe-ruhrblick.ruhr\/?author=1"}]}},"_links":{"self":[{"href":"https:\/\/cafe-ruhrblick.ruhr\/index.php?rest_route=\/wp\/v2\/posts\/224","targetHints":{"allow":["GET"]}}],"collection":[{"href":"https:\/\/cafe-ruhrblick.ruhr\/index.php?rest_route=\/wp\/v2\/posts"}],"about":[{"href":"https:\/\/cafe-ruhrblick.ruhr\/index.php?rest_route=\/wp\/v2\/types\/post"}],"author":[{"embeddable":true,"href":"https:\/\/cafe-ruhrblick.ruhr\/index.php?rest_route=\/wp\/v2\/users\/1"}],"replies":[{"embeddable":true,"href":"https:\/\/cafe-ruhrblick.ruhr\/index.php?rest_route=%2Fwp%2Fv2%2Fcomments&post=224"}],"version-history":[{"count":2,"href":"https:\/\/cafe-ruhrblick.ruhr\/index.php?rest_route=\/wp\/v2\/posts\/224\/revisions"}],"predecessor-version":[{"id":227,"href":"https:\/\/cafe-ruhrblick.ruhr\/index.php?rest_route=\/wp\/v2\/posts\/224\/revisions\/227"}],"wp:attachment":[{"href":"https:\/\/cafe-ruhrblick.ruhr\/index.php?rest_route=%2Fwp%2Fv2%2Fmedia&parent=224"}],"wp:term":[{"taxonomy":"category","embeddable":true,"href":"https:\/\/cafe-ruhrblick.ruhr\/index.php?rest_route=%2Fwp%2Fv2%2Fcategories&post=224"},{"taxonomy":"post_tag","embeddable":true,"href":"https:\/\/cafe-ruhrblick.ruhr\/index.php?rest_route=%2Fwp%2Fv2%2Ftags&post=224"}],"curies":[{"name":"wp","href":"https:\/\/api.w.org\/{rel}","templated":true}]}}