{"id":194,"date":"2020-09-04T08:21:41","date_gmt":"2020-09-04T08:21:41","guid":{"rendered":"http:\/\/cafe-ruhrblick.ruhr\/?p=194"},"modified":"2020-09-04T08:22:48","modified_gmt":"2020-09-04T08:22:48","slug":"erntedankfest-cafe-ruhrblick","status":"publish","type":"post","link":"https:\/\/cafe-ruhrblick.ruhr\/?p=194","title":{"rendered":"Erntedankfest"},"content":{"rendered":"<p>Wie in jedem Jahr werden wir auch in diesem Herbst ein besonderes Brot f\u00fcr Sie backen, um das Erntedankfest zu feiern. Ab n\u00e4chster Woche k\u00f6nnen Sie die Brote im Caf\u00e9 Ruhrblick und in unserer Filiale im Unterdorf kaufen.<\/p>\n\n\n<figure class=\"wp-block-image size-large\"><img loading=\"lazy\" decoding=\"async\" width=\"1024\" height=\"909\" src=\"https:\/\/cafe-ruhrblick.ruhr\/wp-content\/uploads\/2020\/09\/thanksgiving-1113534_1920-1024x909.jpg\" alt=\"\" class=\"wp-image-195\" srcset=\"https:\/\/cafe-ruhrblick.ruhr\/wp-content\/uploads\/2020\/09\/thanksgiving-1113534_1920-1024x909.jpg 1024w, https:\/\/cafe-ruhrblick.ruhr\/wp-content\/uploads\/2020\/09\/thanksgiving-1113534_1920-300x266.jpg 300w, https:\/\/cafe-ruhrblick.ruhr\/wp-content\/uploads\/2020\/09\/thanksgiving-1113534_1920-768x682.jpg 768w, https:\/\/cafe-ruhrblick.ruhr\/wp-content\/uploads\/2020\/09\/thanksgiving-1113534_1920-1536x1364.jpg 1536w, https:\/\/cafe-ruhrblick.ruhr\/wp-content\/uploads\/2020\/09\/thanksgiving-1113534_1920.jpg 1920w\" sizes=\"auto, (max-width: 1024px) 100vw, 1024px\" \/><\/figure>\n","protected":false},"excerpt":{"rendered":"<div class=\"entry-summary\">\nWie in jedem Jahr werden wir auch in diesem Herbst ein besonderes&hellip;\n<\/div>\n<div class=\"link-more\"><a href=\"https:\/\/cafe-ruhrblick.ruhr\/?p=194\" class=\"more-link\">Continue reading<span class=\"screen-reader-text\"> &ldquo;Erntedankfest&rdquo;<\/span>&hellip;<\/a><\/div>\n","protected":false},"author":1,"featured_media":0,"comment_status":"open","ping_status":"open","sticky":false,"template":"","format":"standard","meta":{"_monsterinsights_skip_tracking":false,"_monsterinsights_sitenote_active":false,"_monsterinsights_sitenote_note":"","_monsterinsights_sitenote_category":0,"footnotes":""},"categories":[4],"tags":[],"class_list":["post-194","post","type-post","status-publish","format-standard","hentry","category-aktuelles","entry"],"yoast_head":"<!-- This site is optimized with the Yoast SEO plugin v27.5 - https:\/\/yoast.com\/product\/yoast-seo-wordpress\/ -->\n<title>Erntedankfest - Caf\u00e9 Ruhrblick<\/title>\n<meta name=\"description\" content=\"Wie in jedem Jahr werden wir auch in diesem Herbst ein besonderes Brot f\u00fcr Sie backen, um das Erntedankfest zu feiern.\" \/>\n<meta name=\"robots\" content=\"index, follow, max-snippet:-1, max-image-preview:large, max-video-preview:-1\" \/>\n<link rel=\"canonical\" href=\"https:\/\/cafe-ruhrblick.ruhr\/?p=194\" \/>\n<meta property=\"og:locale\" content=\"de_DE\" \/>\n<meta property=\"og:type\" content=\"article\" \/>\n<meta property=\"og:title\" content=\"Erntedankfest - Caf\u00e9 Ruhrblick\" \/>\n<meta property=\"og:description\" content=\"Wie in jedem Jahr werden wir auch in diesem Herbst ein besonderes Brot f\u00fcr Sie backen, um das Erntedankfest zu feiern.\" \/>\n<meta property=\"og:url\" content=\"https:\/\/cafe-ruhrblick.ruhr\/?p=194\" \/>\n<meta property=\"og:site_name\" content=\"Caf\u00e9 Ruhrblick\" \/>\n<meta property=\"article:published_time\" content=\"2020-09-04T08:21:41+00:00\" \/>\n<meta property=\"article:modified_time\" content=\"2020-09-04T08:22:48+00:00\" \/>\n<meta property=\"og:image\" content=\"http:\/\/cafe-ruhrblick.ruhr\/wp-content\/uploads\/2020\/09\/thanksgiving-1113534_1920-1024x909.jpg\" \/>\n<meta name=\"author\" content=\"Christian\" \/>\n<meta name=\"twitter:card\" content=\"summary_large_image\" \/>\n<meta name=\"twitter:label1\" content=\"Verfasst von\" \/>\n\t<meta name=\"twitter:data1\" content=\"Christian\" \/>\n<script type=\"application\/ld+json\" class=\"yoast-schema-graph\">{\"@context\":\"https:\\\/\\\/schema.org\",\"@graph\":[{\"@type\":\"Article\",\"@id\":\"https:\\\/\\\/cafe-ruhrblick.ruhr\\\/?p=194#article\",\"isPartOf\":{\"@id\":\"https:\\\/\\\/cafe-ruhrblick.ruhr\\\/?p=194\"},\"author\":{\"name\":\"Christian\",\"@id\":\"https:\\\/\\\/cafe-ruhrblick.ruhr\\\/#\\\/schema\\\/person\\\/0b2538e072af41c480f668575acc7fb2\"},\"headline\":\"Erntedankfest\",\"datePublished\":\"2020-09-04T08:21:41+00:00\",\"dateModified\":\"2020-09-04T08:22:48+00:00\",\"mainEntityOfPage\":{\"@id\":\"https:\\\/\\\/cafe-ruhrblick.ruhr\\\/?p=194\"},\"wordCount\":42,\"commentCount\":0,\"publisher\":{\"@id\":\"https:\\\/\\\/cafe-ruhrblick.ruhr\\\/#organization\"},\"image\":{\"@id\":\"https:\\\/\\\/cafe-ruhrblick.ruhr\\\/?p=194#primaryimage\"},\"thumbnailUrl\":\"http:\\\/\\\/cafe-ruhrblick.ruhr\\\/wp-content\\\/uploads\\\/2020\\\/09\\\/thanksgiving-1113534_1920-1024x909.jpg\",\"articleSection\":[\"Aktuelles\"],\"inLanguage\":\"de\",\"potentialAction\":[{\"@type\":\"CommentAction\",\"name\":\"Comment\",\"target\":[\"https:\\\/\\\/cafe-ruhrblick.ruhr\\\/?p=194#respond\"]}]},{\"@type\":\"WebPage\",\"@id\":\"https:\\\/\\\/cafe-ruhrblick.ruhr\\\/?p=194\",\"url\":\"https:\\\/\\\/cafe-ruhrblick.ruhr\\\/?p=194\",\"name\":\"Erntedankfest - Caf\u00e9 Ruhrblick\",\"isPartOf\":{\"@id\":\"https:\\\/\\\/cafe-ruhrblick.ruhr\\\/#website\"},\"primaryImageOfPage\":{\"@id\":\"https:\\\/\\\/cafe-ruhrblick.ruhr\\\/?p=194#primaryimage\"},\"image\":{\"@id\":\"https:\\\/\\\/cafe-ruhrblick.ruhr\\\/?p=194#primaryimage\"},\"thumbnailUrl\":\"http:\\\/\\\/cafe-ruhrblick.ruhr\\\/wp-content\\\/uploads\\\/2020\\\/09\\\/thanksgiving-1113534_1920-1024x909.jpg\",\"datePublished\":\"2020-09-04T08:21:41+00:00\",\"dateModified\":\"2020-09-04T08:22:48+00:00\",\"description\":\"Wie in jedem Jahr werden wir auch in diesem Herbst ein besonderes Brot f\u00fcr Sie backen, um das Erntedankfest zu feiern.\",\"breadcrumb\":{\"@id\":\"https:\\\/\\\/cafe-ruhrblick.ruhr\\\/?p=194#breadcrumb\"},\"inLanguage\":\"de\",\"potentialAction\":[{\"@type\":\"ReadAction\",\"target\":[\"https:\\\/\\\/cafe-ruhrblick.ruhr\\\/?p=194\"]}]},{\"@type\":\"ImageObject\",\"inLanguage\":\"de\",\"@id\":\"https:\\\/\\\/cafe-ruhrblick.ruhr\\\/?p=194#primaryimage\",\"url\":\"http:\\\/\\\/cafe-ruhrblick.ruhr\\\/wp-content\\\/uploads\\\/2020\\\/09\\\/thanksgiving-1113534_1920-1024x909.jpg\",\"contentUrl\":\"http:\\\/\\\/cafe-ruhrblick.ruhr\\\/wp-content\\\/uploads\\\/2020\\\/09\\\/thanksgiving-1113534_1920-1024x909.jpg\"},{\"@type\":\"BreadcrumbList\",\"@id\":\"https:\\\/\\\/cafe-ruhrblick.ruhr\\\/?p=194#breadcrumb\",\"itemListElement\":[{\"@type\":\"ListItem\",\"position\":1,\"name\":\"Startseite\",\"item\":\"https:\\\/\\\/cafe-ruhrblick.ruhr\\\/\"},{\"@type\":\"ListItem\",\"position\":2,\"name\":\"Erntedankfest\"}]},{\"@type\":\"WebSite\",\"@id\":\"https:\\\/\\\/cafe-ruhrblick.ruhr\\\/#website\",\"url\":\"https:\\\/\\\/cafe-ruhrblick.ruhr\\\/\",\"name\":\"Caf\u00e9 Ruhrblick\",\"description\":\"Genie\u00dfen mit guter Aussicht\",\"publisher\":{\"@id\":\"https:\\\/\\\/cafe-ruhrblick.ruhr\\\/#organization\"},\"potentialAction\":[{\"@type\":\"SearchAction\",\"target\":{\"@type\":\"EntryPoint\",\"urlTemplate\":\"https:\\\/\\\/cafe-ruhrblick.ruhr\\\/?s={search_term_string}\"},\"query-input\":{\"@type\":\"PropertyValueSpecification\",\"valueRequired\":true,\"valueName\":\"search_term_string\"}}],\"inLanguage\":\"de\"},{\"@type\":\"Organization\",\"@id\":\"https:\\\/\\\/cafe-ruhrblick.ruhr\\\/#organization\",\"name\":\"Caf\u00e9 Ruhrblick\",\"url\":\"https:\\\/\\\/cafe-ruhrblick.ruhr\\\/\",\"logo\":{\"@type\":\"ImageObject\",\"inLanguage\":\"de\",\"@id\":\"https:\\\/\\\/cafe-ruhrblick.ruhr\\\/#\\\/schema\\\/logo\\\/image\\\/\",\"url\":\"https:\\\/\\\/cafe-ruhrblick.ruhr\\\/wp-content\\\/uploads\\\/2019\\\/07\\\/cropped-branding.png\",\"contentUrl\":\"https:\\\/\\\/cafe-ruhrblick.ruhr\\\/wp-content\\\/uploads\\\/2019\\\/07\\\/cropped-branding.png\",\"width\":153,\"height\":97,\"caption\":\"Caf\u00e9 Ruhrblick\"},\"image\":{\"@id\":\"https:\\\/\\\/cafe-ruhrblick.ruhr\\\/#\\\/schema\\\/logo\\\/image\\\/\"}},{\"@type\":\"Person\",\"@id\":\"https:\\\/\\\/cafe-ruhrblick.ruhr\\\/#\\\/schema\\\/person\\\/0b2538e072af41c480f668575acc7fb2\",\"name\":\"Christian\",\"image\":{\"@type\":\"ImageObject\",\"inLanguage\":\"de\",\"@id\":\"https:\\\/\\\/secure.gravatar.com\\\/avatar\\\/eb7ff8c3da919397c319ab2d31bc37e79b98a89e8b4f94f48e47d0d88b2dd7e9?s=96&d=mm&r=g\",\"url\":\"https:\\\/\\\/secure.gravatar.com\\\/avatar\\\/eb7ff8c3da919397c319ab2d31bc37e79b98a89e8b4f94f48e47d0d88b2dd7e9?s=96&d=mm&r=g\",\"contentUrl\":\"https:\\\/\\\/secure.gravatar.com\\\/avatar\\\/eb7ff8c3da919397c319ab2d31bc37e79b98a89e8b4f94f48e47d0d88b2dd7e9?s=96&d=mm&r=g\",\"caption\":\"Christian\"},\"url\":\"https:\\\/\\\/cafe-ruhrblick.ruhr\\\/?author=1\"}]}<\/script>\n<!-- \/ Yoast SEO plugin. -->","yoast_head_json":{"title":"Erntedankfest - Caf\u00e9 Ruhrblick","description":"Wie in jedem Jahr werden wir auch in diesem Herbst ein besonderes Brot f\u00fcr Sie backen, um das Erntedankfest zu feiern.","robots":{"index":"index","follow":"follow","max-snippet":"max-snippet:-1","max-image-preview":"max-image-preview:large","max-video-preview":"max-video-preview:-1"},"canonical":"https:\/\/cafe-ruhrblick.ruhr\/?p=194","og_locale":"de_DE","og_type":"article","og_title":"Erntedankfest - Caf\u00e9 Ruhrblick","og_description":"Wie in jedem Jahr werden wir auch in diesem Herbst ein besonderes Brot f\u00fcr Sie backen, um das Erntedankfest zu feiern.","og_url":"https:\/\/cafe-ruhrblick.ruhr\/?p=194","og_site_name":"Caf\u00e9 Ruhrblick","article_published_time":"2020-09-04T08:21:41+00:00","article_modified_time":"2020-09-04T08:22:48+00:00","og_image":[{"url":"http:\/\/cafe-ruhrblick.ruhr\/wp-content\/uploads\/2020\/09\/thanksgiving-1113534_1920-1024x909.jpg","type":"","width":"","height":""}],"author":"Christian","twitter_card":"summary_large_image","twitter_misc":{"Verfasst von":"Christian"},"schema":{"@context":"https:\/\/schema.org","@graph":[{"@type":"Article","@id":"https:\/\/cafe-ruhrblick.ruhr\/?p=194#article","isPartOf":{"@id":"https:\/\/cafe-ruhrblick.ruhr\/?p=194"},"author":{"name":"Christian","@id":"https:\/\/cafe-ruhrblick.ruhr\/#\/schema\/person\/0b2538e072af41c480f668575acc7fb2"},"headline":"Erntedankfest","datePublished":"2020-09-04T08:21:41+00:00","dateModified":"2020-09-04T08:22:48+00:00","mainEntityOfPage":{"@id":"https:\/\/cafe-ruhrblick.ruhr\/?p=194"},"wordCount":42,"commentCount":0,"publisher":{"@id":"https:\/\/cafe-ruhrblick.ruhr\/#organization"},"image":{"@id":"https:\/\/cafe-ruhrblick.ruhr\/?p=194#primaryimage"},"thumbnailUrl":"http:\/\/cafe-ruhrblick.ruhr\/wp-content\/uploads\/2020\/09\/thanksgiving-1113534_1920-1024x909.jpg","articleSection":["Aktuelles"],"inLanguage":"de","potentialAction":[{"@type":"CommentAction","name":"Comment","target":["https:\/\/cafe-ruhrblick.ruhr\/?p=194#respond"]}]},{"@type":"WebPage","@id":"https:\/\/cafe-ruhrblick.ruhr\/?p=194","url":"https:\/\/cafe-ruhrblick.ruhr\/?p=194","name":"Erntedankfest - Caf\u00e9 Ruhrblick","isPartOf":{"@id":"https:\/\/cafe-ruhrblick.ruhr\/#website"},"primaryImageOfPage":{"@id":"https:\/\/cafe-ruhrblick.ruhr\/?p=194#primaryimage"},"image":{"@id":"https:\/\/cafe-ruhrblick.ruhr\/?p=194#primaryimage"},"thumbnailUrl":"http:\/\/cafe-ruhrblick.ruhr\/wp-content\/uploads\/2020\/09\/thanksgiving-1113534_1920-1024x909.jpg","datePublished":"2020-09-04T08:21:41+00:00","dateModified":"2020-09-04T08:22:48+00:00","description":"Wie in jedem Jahr werden wir auch in diesem Herbst ein besonderes Brot f\u00fcr Sie backen, um das Erntedankfest zu feiern.","breadcrumb":{"@id":"https:\/\/cafe-ruhrblick.ruhr\/?p=194#breadcrumb"},"inLanguage":"de","potentialAction":[{"@type":"ReadAction","target":["https:\/\/cafe-ruhrblick.ruhr\/?p=194"]}]},{"@type":"ImageObject","inLanguage":"de","@id":"https:\/\/cafe-ruhrblick.ruhr\/?p=194#primaryimage","url":"http:\/\/cafe-ruhrblick.ruhr\/wp-content\/uploads\/2020\/09\/thanksgiving-1113534_1920-1024x909.jpg","contentUrl":"http:\/\/cafe-ruhrblick.ruhr\/wp-content\/uploads\/2020\/09\/thanksgiving-1113534_1920-1024x909.jpg"},{"@type":"BreadcrumbList","@id":"https:\/\/cafe-ruhrblick.ruhr\/?p=194#breadcrumb","itemListElement":[{"@type":"ListItem","position":1,"name":"Startseite","item":"https:\/\/cafe-ruhrblick.ruhr\/"},{"@type":"ListItem","position":2,"name":"Erntedankfest"}]},{"@type":"WebSite","@id":"https:\/\/cafe-ruhrblick.ruhr\/#website","url":"https:\/\/cafe-ruhrblick.ruhr\/","name":"Caf\u00e9 Ruhrblick","description":"Genie\u00dfen mit guter Aussicht","publisher":{"@id":"https:\/\/cafe-ruhrblick.ruhr\/#organization"},"potentialAction":[{"@type":"SearchAction","target":{"@type":"EntryPoint","urlTemplate":"https:\/\/cafe-ruhrblick.ruhr\/?s={search_term_string}"},"query-input":{"@type":"PropertyValueSpecification","valueRequired":true,"valueName":"search_term_string"}}],"inLanguage":"de"},{"@type":"Organization","@id":"https:\/\/cafe-ruhrblick.ruhr\/#organization","name":"Caf\u00e9 Ruhrblick","url":"https:\/\/cafe-ruhrblick.ruhr\/","logo":{"@type":"ImageObject","inLanguage":"de","@id":"https:\/\/cafe-ruhrblick.ruhr\/#\/schema\/logo\/image\/","url":"https:\/\/cafe-ruhrblick.ruhr\/wp-content\/uploads\/2019\/07\/cropped-branding.png","contentUrl":"https:\/\/cafe-ruhrblick.ruhr\/wp-content\/uploads\/2019\/07\/cropped-branding.png","width":153,"height":97,"caption":"Caf\u00e9 Ruhrblick"},"image":{"@id":"https:\/\/cafe-ruhrblick.ruhr\/#\/schema\/logo\/image\/"}},{"@type":"Person","@id":"https:\/\/cafe-ruhrblick.ruhr\/#\/schema\/person\/0b2538e072af41c480f668575acc7fb2","name":"Christian","image":{"@type":"ImageObject","inLanguage":"de","@id":"https:\/\/secure.gravatar.com\/avatar\/eb7ff8c3da919397c319ab2d31bc37e79b98a89e8b4f94f48e47d0d88b2dd7e9?s=96&d=mm&r=g","url":"https:\/\/secure.gravatar.com\/avatar\/eb7ff8c3da919397c319ab2d31bc37e79b98a89e8b4f94f48e47d0d88b2dd7e9?s=96&d=mm&r=g","contentUrl":"https:\/\/secure.gravatar.com\/avatar\/eb7ff8c3da919397c319ab2d31bc37e79b98a89e8b4f94f48e47d0d88b2dd7e9?s=96&d=mm&r=g","caption":"Christian"},"url":"https:\/\/cafe-ruhrblick.ruhr\/?author=1"}]}},"_links":{"self":[{"href":"https:\/\/cafe-ruhrblick.ruhr\/index.php?rest_route=\/wp\/v2\/posts\/194","targetHints":{"allow":["GET"]}}],"collection":[{"href":"https:\/\/cafe-ruhrblick.ruhr\/index.php?rest_route=\/wp\/v2\/posts"}],"about":[{"href":"https:\/\/cafe-ruhrblick.ruhr\/index.php?rest_route=\/wp\/v2\/types\/post"}],"author":[{"embeddable":true,"href":"https:\/\/cafe-ruhrblick.ruhr\/index.php?rest_route=\/wp\/v2\/users\/1"}],"replies":[{"embeddable":true,"href":"https:\/\/cafe-ruhrblick.ruhr\/index.php?rest_route=%2Fwp%2Fv2%2Fcomments&post=194"}],"version-history":[{"count":2,"href":"https:\/\/cafe-ruhrblick.ruhr\/index.php?rest_route=\/wp\/v2\/posts\/194\/revisions"}],"predecessor-version":[{"id":197,"href":"https:\/\/cafe-ruhrblick.ruhr\/index.php?rest_route=\/wp\/v2\/posts\/194\/revisions\/197"}],"wp:attachment":[{"href":"https:\/\/cafe-ruhrblick.ruhr\/index.php?rest_route=%2Fwp%2Fv2%2Fmedia&parent=194"}],"wp:term":[{"taxonomy":"category","embeddable":true,"href":"https:\/\/cafe-ruhrblick.ruhr\/index.php?rest_route=%2Fwp%2Fv2%2Fcategories&post=194"},{"taxonomy":"post_tag","embeddable":true,"href":"https:\/\/cafe-ruhrblick.ruhr\/index.php?rest_route=%2Fwp%2Fv2%2Ftags&post=194"}],"curies":[{"name":"wp","href":"https:\/\/api.w.org\/{rel}","templated":true}]}}