{"id":172,"date":"2020-08-05T08:15:35","date_gmt":"2020-08-05T08:15:35","guid":{"rendered":"http:\/\/cafe-ruhrblick.ruhr\/?p=172"},"modified":"2020-08-05T08:15:35","modified_gmt":"2020-08-05T08:15:35","slug":"der-erste-schultag-steht-vor-der-tuer","status":"publish","type":"post","link":"https:\/\/cafe-ruhrblick.ruhr\/?p=172","title":{"rendered":"Der erste Schultag steht vor der T\u00fcr"},"content":{"rendered":"<p>Am 13.08. ist es soweit: f\u00fcr viele Kinder beginnt mit dem ersten Schultag ein neuer Lebensabschnitt. Wir w\u00fcnschen allen I-M\u00e4nnchen einge Gute Zeit! Damit diese noch sch\u00f6ner wird k\u00f6nnen Sie bei uns individuelle Schult\u00fcten bestellen, die den ersten Schultag zu einem noch unvergesslicheren Erlebnis machen.<\/p>\n\n\n<figure class=\"wp-block-gallery columns-3 is-cropped wp-block-gallery-1 is-layout-flex wp-block-gallery-is-layout-flex\"><ul class=\"blocks-gallery-grid\"><li class=\"blocks-gallery-item\"><figure><img loading=\"lazy\" decoding=\"async\" width=\"180\" height=\"320\" src=\"https:\/\/cafe-ruhrblick.ruhr\/wp-content\/uploads\/2020\/08\/20629090_1927776027473916_1417196059_o-1.jpeg\" alt=\"\" data-id=\"176\" data-full-url=\"https:\/\/cafe-ruhrblick.ruhr\/wp-content\/uploads\/2020\/08\/20629090_1927776027473916_1417196059_o-1.jpeg\" data-link=\"https:\/\/cafe-ruhrblick.ruhr\/?attachment_id=176\" class=\"wp-image-176\" srcset=\"https:\/\/cafe-ruhrblick.ruhr\/wp-content\/uploads\/2020\/08\/20629090_1927776027473916_1417196059_o-1.jpeg 180w, https:\/\/cafe-ruhrblick.ruhr\/wp-content\/uploads\/2020\/08\/20629090_1927776027473916_1417196059_o-1-169x300.jpeg 169w\" sizes=\"auto, (max-width: 180px) 100vw, 180px\" \/><\/figure><\/li><li class=\"blocks-gallery-item\"><figure><img loading=\"lazy\" decoding=\"async\" width=\"180\" height=\"320\" src=\"https:\/\/cafe-ruhrblick.ruhr\/wp-content\/uploads\/2020\/08\/20629208_1927775967473922_978691257_o-1.jpeg\" alt=\"\" data-id=\"177\" data-full-url=\"https:\/\/cafe-ruhrblick.ruhr\/wp-content\/uploads\/2020\/08\/20629208_1927775967473922_978691257_o-1.jpeg\" data-link=\"https:\/\/cafe-ruhrblick.ruhr\/?attachment_id=177\" class=\"wp-image-177\" srcset=\"https:\/\/cafe-ruhrblick.ruhr\/wp-content\/uploads\/2020\/08\/20629208_1927775967473922_978691257_o-1.jpeg 180w, https:\/\/cafe-ruhrblick.ruhr\/wp-content\/uploads\/2020\/08\/20629208_1927775967473922_978691257_o-1-169x300.jpeg 169w\" sizes=\"auto, (max-width: 180px) 100vw, 180px\" \/><\/figure><\/li><li class=\"blocks-gallery-item\"><figure><img loading=\"lazy\" decoding=\"async\" width=\"180\" height=\"320\" src=\"https:\/\/cafe-ruhrblick.ruhr\/wp-content\/uploads\/2020\/08\/20641271_1927776000807252_1649788023_o.jpeg\" alt=\"\" data-id=\"178\" data-full-url=\"https:\/\/cafe-ruhrblick.ruhr\/wp-content\/uploads\/2020\/08\/20641271_1927776000807252_1649788023_o.jpeg\" data-link=\"https:\/\/cafe-ruhrblick.ruhr\/?attachment_id=178\" class=\"wp-image-178\" srcset=\"https:\/\/cafe-ruhrblick.ruhr\/wp-content\/uploads\/2020\/08\/20641271_1927776000807252_1649788023_o.jpeg 180w, https:\/\/cafe-ruhrblick.ruhr\/wp-content\/uploads\/2020\/08\/20641271_1927776000807252_1649788023_o-169x300.jpeg 169w\" sizes=\"auto, (max-width: 180px) 100vw, 180px\" \/><\/figure><\/li><\/ul><\/figure>\n","protected":false},"excerpt":{"rendered":"<div class=\"entry-summary\">\nAm 13.08. ist es soweit: f\u00fcr viele Kinder beginnt mit dem ersten&hellip;\n<\/div>\n<div class=\"link-more\"><a href=\"https:\/\/cafe-ruhrblick.ruhr\/?p=172\" class=\"more-link\">Continue reading<span class=\"screen-reader-text\"> &ldquo;Der erste Schultag steht vor der T\u00fcr&rdquo;<\/span>&hellip;<\/a><\/div>\n","protected":false},"author":1,"featured_media":0,"comment_status":"open","ping_status":"open","sticky":false,"template":"","format":"standard","meta":{"_monsterinsights_skip_tracking":false,"_monsterinsights_sitenote_active":false,"_monsterinsights_sitenote_note":"","_monsterinsights_sitenote_category":0,"footnotes":""},"categories":[1],"tags":[],"class_list":["post-172","post","type-post","status-publish","format-standard","hentry","category-neues","entry"],"yoast_head":"<!-- This site is optimized with the Yoast SEO plugin v27.5 - https:\/\/yoast.com\/product\/yoast-seo-wordpress\/ -->\n<title>Der erste Schultag steht vor der T\u00fcr - Caf\u00e9 Ruhrblick<\/title>\n<meta name=\"robots\" content=\"index, follow, max-snippet:-1, max-image-preview:large, max-video-preview:-1\" \/>\n<link rel=\"canonical\" href=\"https:\/\/cafe-ruhrblick.ruhr\/?p=172\" \/>\n<meta property=\"og:locale\" content=\"de_DE\" \/>\n<meta property=\"og:type\" content=\"article\" \/>\n<meta property=\"og:title\" content=\"Der erste Schultag steht vor der T\u00fcr - Caf\u00e9 Ruhrblick\" \/>\n<meta property=\"og:description\" content=\"Am 13.08. ist es soweit: f\u00fcr viele Kinder beginnt mit dem ersten&hellip; Continue reading &ldquo;Der erste Schultag steht vor der T\u00fcr&rdquo;&hellip;\" \/>\n<meta property=\"og:url\" content=\"https:\/\/cafe-ruhrblick.ruhr\/?p=172\" \/>\n<meta property=\"og:site_name\" content=\"Caf\u00e9 Ruhrblick\" \/>\n<meta property=\"article:published_time\" content=\"2020-08-05T08:15:35+00:00\" \/>\n<meta property=\"og:image\" content=\"http:\/\/cafe-ruhrblick.ruhr\/wp-content\/uploads\/2020\/08\/20629090_1927776027473916_1417196059_o-1.jpeg\" \/>\n<meta name=\"author\" content=\"Christian\" \/>\n<meta name=\"twitter:card\" content=\"summary_large_image\" \/>\n<meta name=\"twitter:label1\" content=\"Verfasst von\" \/>\n\t<meta name=\"twitter:data1\" content=\"Christian\" \/>\n<script type=\"application\/ld+json\" class=\"yoast-schema-graph\">{\"@context\":\"https:\\\/\\\/schema.org\",\"@graph\":[{\"@type\":\"Article\",\"@id\":\"https:\\\/\\\/cafe-ruhrblick.ruhr\\\/?p=172#article\",\"isPartOf\":{\"@id\":\"https:\\\/\\\/cafe-ruhrblick.ruhr\\\/?p=172\"},\"author\":{\"name\":\"Christian\",\"@id\":\"https:\\\/\\\/cafe-ruhrblick.ruhr\\\/#\\\/schema\\\/person\\\/0b2538e072af41c480f668575acc7fb2\"},\"headline\":\"Der erste Schultag steht vor der T\u00fcr\",\"datePublished\":\"2020-08-05T08:15:35+00:00\",\"mainEntityOfPage\":{\"@id\":\"https:\\\/\\\/cafe-ruhrblick.ruhr\\\/?p=172\"},\"wordCount\":58,\"commentCount\":0,\"publisher\":{\"@id\":\"https:\\\/\\\/cafe-ruhrblick.ruhr\\\/#organization\"},\"image\":{\"@id\":\"https:\\\/\\\/cafe-ruhrblick.ruhr\\\/?p=172#primaryimage\"},\"thumbnailUrl\":\"http:\\\/\\\/cafe-ruhrblick.ruhr\\\/wp-content\\\/uploads\\\/2020\\\/08\\\/20629090_1927776027473916_1417196059_o-1.jpeg\",\"articleSection\":[\"Neues\"],\"inLanguage\":\"de\",\"potentialAction\":[{\"@type\":\"CommentAction\",\"name\":\"Comment\",\"target\":[\"https:\\\/\\\/cafe-ruhrblick.ruhr\\\/?p=172#respond\"]}]},{\"@type\":\"WebPage\",\"@id\":\"https:\\\/\\\/cafe-ruhrblick.ruhr\\\/?p=172\",\"url\":\"https:\\\/\\\/cafe-ruhrblick.ruhr\\\/?p=172\",\"name\":\"Der erste Schultag steht vor der T\u00fcr - Caf\u00e9 Ruhrblick\",\"isPartOf\":{\"@id\":\"https:\\\/\\\/cafe-ruhrblick.ruhr\\\/#website\"},\"primaryImageOfPage\":{\"@id\":\"https:\\\/\\\/cafe-ruhrblick.ruhr\\\/?p=172#primaryimage\"},\"image\":{\"@id\":\"https:\\\/\\\/cafe-ruhrblick.ruhr\\\/?p=172#primaryimage\"},\"thumbnailUrl\":\"http:\\\/\\\/cafe-ruhrblick.ruhr\\\/wp-content\\\/uploads\\\/2020\\\/08\\\/20629090_1927776027473916_1417196059_o-1.jpeg\",\"datePublished\":\"2020-08-05T08:15:35+00:00\",\"breadcrumb\":{\"@id\":\"https:\\\/\\\/cafe-ruhrblick.ruhr\\\/?p=172#breadcrumb\"},\"inLanguage\":\"de\",\"potentialAction\":[{\"@type\":\"ReadAction\",\"target\":[\"https:\\\/\\\/cafe-ruhrblick.ruhr\\\/?p=172\"]}]},{\"@type\":\"ImageObject\",\"inLanguage\":\"de\",\"@id\":\"https:\\\/\\\/cafe-ruhrblick.ruhr\\\/?p=172#primaryimage\",\"url\":\"http:\\\/\\\/cafe-ruhrblick.ruhr\\\/wp-content\\\/uploads\\\/2020\\\/08\\\/20629090_1927776027473916_1417196059_o-1.jpeg\",\"contentUrl\":\"http:\\\/\\\/cafe-ruhrblick.ruhr\\\/wp-content\\\/uploads\\\/2020\\\/08\\\/20629090_1927776027473916_1417196059_o-1.jpeg\"},{\"@type\":\"BreadcrumbList\",\"@id\":\"https:\\\/\\\/cafe-ruhrblick.ruhr\\\/?p=172#breadcrumb\",\"itemListElement\":[{\"@type\":\"ListItem\",\"position\":1,\"name\":\"Startseite\",\"item\":\"https:\\\/\\\/cafe-ruhrblick.ruhr\\\/\"},{\"@type\":\"ListItem\",\"position\":2,\"name\":\"Der erste Schultag steht vor der T\u00fcr\"}]},{\"@type\":\"WebSite\",\"@id\":\"https:\\\/\\\/cafe-ruhrblick.ruhr\\\/#website\",\"url\":\"https:\\\/\\\/cafe-ruhrblick.ruhr\\\/\",\"name\":\"Caf\u00e9 Ruhrblick\",\"description\":\"Genie\u00dfen mit guter Aussicht\",\"publisher\":{\"@id\":\"https:\\\/\\\/cafe-ruhrblick.ruhr\\\/#organization\"},\"potentialAction\":[{\"@type\":\"SearchAction\",\"target\":{\"@type\":\"EntryPoint\",\"urlTemplate\":\"https:\\\/\\\/cafe-ruhrblick.ruhr\\\/?s={search_term_string}\"},\"query-input\":{\"@type\":\"PropertyValueSpecification\",\"valueRequired\":true,\"valueName\":\"search_term_string\"}}],\"inLanguage\":\"de\"},{\"@type\":\"Organization\",\"@id\":\"https:\\\/\\\/cafe-ruhrblick.ruhr\\\/#organization\",\"name\":\"Caf\u00e9 Ruhrblick\",\"url\":\"https:\\\/\\\/cafe-ruhrblick.ruhr\\\/\",\"logo\":{\"@type\":\"ImageObject\",\"inLanguage\":\"de\",\"@id\":\"https:\\\/\\\/cafe-ruhrblick.ruhr\\\/#\\\/schema\\\/logo\\\/image\\\/\",\"url\":\"https:\\\/\\\/cafe-ruhrblick.ruhr\\\/wp-content\\\/uploads\\\/2019\\\/07\\\/cropped-branding.png\",\"contentUrl\":\"https:\\\/\\\/cafe-ruhrblick.ruhr\\\/wp-content\\\/uploads\\\/2019\\\/07\\\/cropped-branding.png\",\"width\":153,\"height\":97,\"caption\":\"Caf\u00e9 Ruhrblick\"},\"image\":{\"@id\":\"https:\\\/\\\/cafe-ruhrblick.ruhr\\\/#\\\/schema\\\/logo\\\/image\\\/\"}},{\"@type\":\"Person\",\"@id\":\"https:\\\/\\\/cafe-ruhrblick.ruhr\\\/#\\\/schema\\\/person\\\/0b2538e072af41c480f668575acc7fb2\",\"name\":\"Christian\",\"image\":{\"@type\":\"ImageObject\",\"inLanguage\":\"de\",\"@id\":\"https:\\\/\\\/secure.gravatar.com\\\/avatar\\\/eb7ff8c3da919397c319ab2d31bc37e79b98a89e8b4f94f48e47d0d88b2dd7e9?s=96&d=mm&r=g\",\"url\":\"https:\\\/\\\/secure.gravatar.com\\\/avatar\\\/eb7ff8c3da919397c319ab2d31bc37e79b98a89e8b4f94f48e47d0d88b2dd7e9?s=96&d=mm&r=g\",\"contentUrl\":\"https:\\\/\\\/secure.gravatar.com\\\/avatar\\\/eb7ff8c3da919397c319ab2d31bc37e79b98a89e8b4f94f48e47d0d88b2dd7e9?s=96&d=mm&r=g\",\"caption\":\"Christian\"},\"url\":\"https:\\\/\\\/cafe-ruhrblick.ruhr\\\/?author=1\"}]}<\/script>\n<!-- \/ Yoast SEO plugin. -->","yoast_head_json":{"title":"Der erste Schultag steht vor der T\u00fcr - Caf\u00e9 Ruhrblick","robots":{"index":"index","follow":"follow","max-snippet":"max-snippet:-1","max-image-preview":"max-image-preview:large","max-video-preview":"max-video-preview:-1"},"canonical":"https:\/\/cafe-ruhrblick.ruhr\/?p=172","og_locale":"de_DE","og_type":"article","og_title":"Der erste Schultag steht vor der T\u00fcr - Caf\u00e9 Ruhrblick","og_description":"Am 13.08. ist es soweit: f\u00fcr viele Kinder beginnt mit dem ersten&hellip; Continue reading &ldquo;Der erste Schultag steht vor der T\u00fcr&rdquo;&hellip;","og_url":"https:\/\/cafe-ruhrblick.ruhr\/?p=172","og_site_name":"Caf\u00e9 Ruhrblick","article_published_time":"2020-08-05T08:15:35+00:00","og_image":[{"url":"http:\/\/cafe-ruhrblick.ruhr\/wp-content\/uploads\/2020\/08\/20629090_1927776027473916_1417196059_o-1.jpeg","type":"","width":"","height":""}],"author":"Christian","twitter_card":"summary_large_image","twitter_misc":{"Verfasst von":"Christian"},"schema":{"@context":"https:\/\/schema.org","@graph":[{"@type":"Article","@id":"https:\/\/cafe-ruhrblick.ruhr\/?p=172#article","isPartOf":{"@id":"https:\/\/cafe-ruhrblick.ruhr\/?p=172"},"author":{"name":"Christian","@id":"https:\/\/cafe-ruhrblick.ruhr\/#\/schema\/person\/0b2538e072af41c480f668575acc7fb2"},"headline":"Der erste Schultag steht vor der T\u00fcr","datePublished":"2020-08-05T08:15:35+00:00","mainEntityOfPage":{"@id":"https:\/\/cafe-ruhrblick.ruhr\/?p=172"},"wordCount":58,"commentCount":0,"publisher":{"@id":"https:\/\/cafe-ruhrblick.ruhr\/#organization"},"image":{"@id":"https:\/\/cafe-ruhrblick.ruhr\/?p=172#primaryimage"},"thumbnailUrl":"http:\/\/cafe-ruhrblick.ruhr\/wp-content\/uploads\/2020\/08\/20629090_1927776027473916_1417196059_o-1.jpeg","articleSection":["Neues"],"inLanguage":"de","potentialAction":[{"@type":"CommentAction","name":"Comment","target":["https:\/\/cafe-ruhrblick.ruhr\/?p=172#respond"]}]},{"@type":"WebPage","@id":"https:\/\/cafe-ruhrblick.ruhr\/?p=172","url":"https:\/\/cafe-ruhrblick.ruhr\/?p=172","name":"Der erste Schultag steht vor der T\u00fcr - Caf\u00e9 Ruhrblick","isPartOf":{"@id":"https:\/\/cafe-ruhrblick.ruhr\/#website"},"primaryImageOfPage":{"@id":"https:\/\/cafe-ruhrblick.ruhr\/?p=172#primaryimage"},"image":{"@id":"https:\/\/cafe-ruhrblick.ruhr\/?p=172#primaryimage"},"thumbnailUrl":"http:\/\/cafe-ruhrblick.ruhr\/wp-content\/uploads\/2020\/08\/20629090_1927776027473916_1417196059_o-1.jpeg","datePublished":"2020-08-05T08:15:35+00:00","breadcrumb":{"@id":"https:\/\/cafe-ruhrblick.ruhr\/?p=172#breadcrumb"},"inLanguage":"de","potentialAction":[{"@type":"ReadAction","target":["https:\/\/cafe-ruhrblick.ruhr\/?p=172"]}]},{"@type":"ImageObject","inLanguage":"de","@id":"https:\/\/cafe-ruhrblick.ruhr\/?p=172#primaryimage","url":"http:\/\/cafe-ruhrblick.ruhr\/wp-content\/uploads\/2020\/08\/20629090_1927776027473916_1417196059_o-1.jpeg","contentUrl":"http:\/\/cafe-ruhrblick.ruhr\/wp-content\/uploads\/2020\/08\/20629090_1927776027473916_1417196059_o-1.jpeg"},{"@type":"BreadcrumbList","@id":"https:\/\/cafe-ruhrblick.ruhr\/?p=172#breadcrumb","itemListElement":[{"@type":"ListItem","position":1,"name":"Startseite","item":"https:\/\/cafe-ruhrblick.ruhr\/"},{"@type":"ListItem","position":2,"name":"Der erste Schultag steht vor der T\u00fcr"}]},{"@type":"WebSite","@id":"https:\/\/cafe-ruhrblick.ruhr\/#website","url":"https:\/\/cafe-ruhrblick.ruhr\/","name":"Caf\u00e9 Ruhrblick","description":"Genie\u00dfen mit guter Aussicht","publisher":{"@id":"https:\/\/cafe-ruhrblick.ruhr\/#organization"},"potentialAction":[{"@type":"SearchAction","target":{"@type":"EntryPoint","urlTemplate":"https:\/\/cafe-ruhrblick.ruhr\/?s={search_term_string}"},"query-input":{"@type":"PropertyValueSpecification","valueRequired":true,"valueName":"search_term_string"}}],"inLanguage":"de"},{"@type":"Organization","@id":"https:\/\/cafe-ruhrblick.ruhr\/#organization","name":"Caf\u00e9 Ruhrblick","url":"https:\/\/cafe-ruhrblick.ruhr\/","logo":{"@type":"ImageObject","inLanguage":"de","@id":"https:\/\/cafe-ruhrblick.ruhr\/#\/schema\/logo\/image\/","url":"https:\/\/cafe-ruhrblick.ruhr\/wp-content\/uploads\/2019\/07\/cropped-branding.png","contentUrl":"https:\/\/cafe-ruhrblick.ruhr\/wp-content\/uploads\/2019\/07\/cropped-branding.png","width":153,"height":97,"caption":"Caf\u00e9 Ruhrblick"},"image":{"@id":"https:\/\/cafe-ruhrblick.ruhr\/#\/schema\/logo\/image\/"}},{"@type":"Person","@id":"https:\/\/cafe-ruhrblick.ruhr\/#\/schema\/person\/0b2538e072af41c480f668575acc7fb2","name":"Christian","image":{"@type":"ImageObject","inLanguage":"de","@id":"https:\/\/secure.gravatar.com\/avatar\/eb7ff8c3da919397c319ab2d31bc37e79b98a89e8b4f94f48e47d0d88b2dd7e9?s=96&d=mm&r=g","url":"https:\/\/secure.gravatar.com\/avatar\/eb7ff8c3da919397c319ab2d31bc37e79b98a89e8b4f94f48e47d0d88b2dd7e9?s=96&d=mm&r=g","contentUrl":"https:\/\/secure.gravatar.com\/avatar\/eb7ff8c3da919397c319ab2d31bc37e79b98a89e8b4f94f48e47d0d88b2dd7e9?s=96&d=mm&r=g","caption":"Christian"},"url":"https:\/\/cafe-ruhrblick.ruhr\/?author=1"}]}},"_links":{"self":[{"href":"https:\/\/cafe-ruhrblick.ruhr\/index.php?rest_route=\/wp\/v2\/posts\/172","targetHints":{"allow":["GET"]}}],"collection":[{"href":"https:\/\/cafe-ruhrblick.ruhr\/index.php?rest_route=\/wp\/v2\/posts"}],"about":[{"href":"https:\/\/cafe-ruhrblick.ruhr\/index.php?rest_route=\/wp\/v2\/types\/post"}],"author":[{"embeddable":true,"href":"https:\/\/cafe-ruhrblick.ruhr\/index.php?rest_route=\/wp\/v2\/users\/1"}],"replies":[{"embeddable":true,"href":"https:\/\/cafe-ruhrblick.ruhr\/index.php?rest_route=%2Fwp%2Fv2%2Fcomments&post=172"}],"version-history":[{"count":1,"href":"https:\/\/cafe-ruhrblick.ruhr\/index.php?rest_route=\/wp\/v2\/posts\/172\/revisions"}],"predecessor-version":[{"id":179,"href":"https:\/\/cafe-ruhrblick.ruhr\/index.php?rest_route=\/wp\/v2\/posts\/172\/revisions\/179"}],"wp:attachment":[{"href":"https:\/\/cafe-ruhrblick.ruhr\/index.php?rest_route=%2Fwp%2Fv2%2Fmedia&parent=172"}],"wp:term":[{"taxonomy":"category","embeddable":true,"href":"https:\/\/cafe-ruhrblick.ruhr\/index.php?rest_route=%2Fwp%2Fv2%2Fcategories&post=172"},{"taxonomy":"post_tag","embeddable":true,"href":"https:\/\/cafe-ruhrblick.ruhr\/index.php?rest_route=%2Fwp%2Fv2%2Ftags&post=172"}],"curies":[{"name":"wp","href":"https:\/\/api.w.org\/{rel}","templated":true}]}}